{"id":236549,"date":"2015-12-02T00:00:00","date_gmt":"2015-12-02T00:00:00","guid":{"rendered":"https:\/\/www.ecuadortimes.net\/es\/326-sera-el-aumento-salarial-en-2016\/"},"modified":"2015-12-02T00:00:00","modified_gmt":"2015-12-02T00:00:00","slug":"326-sera-el-aumento-salarial-en-2016","status":"publish","type":"post","link":"https:\/\/www.ecuadortimes.net\/es\/326-sera-el-aumento-salarial-en-2016\/","title":{"rendered":"3,26 % ser\u00e1 el aumento salarial en 2016"},"content":{"rendered":"<p>&nbsp;<\/p>\n<p><a href=\"http:\/\/www.ecuadortimes.net\/es\/wp-content\/uploads\/2015\/12\/incremento-salarial.jpg\"><img loading=\"lazy\" class=\"size-medium wp-image-170781 aligncenter\" src=\"https:\/\/www.ecuadortimes.net\/es\/wp-content\/uploads\/2015\/12\/incremento-salarial-300x201.jpg\" alt=\"incremento salarial\" width=\"300\" height=\"201\" \/><\/a><\/p>\n<p>Los salarios en los sectores de pesca, minas, productos, farmac\u00e9uticos, bebidas y tabacos, metalmec\u00e1nica, veh\u00edculos, construcci\u00f3n, venta de productos, turismo, transporte, actividades tipo servicios, ense\u00f1anza y salud se incrementar\u00e1n en 3,26 % para este 2016. As\u00ed lo resolvieron las 13 comisiones sectoriales durante la reuni\u00f3n con Lenin Cadena, subsecretario de empleo y salarios del Ministerio de Trabajo.<\/p>\n<p>&nbsp;<\/p>\n<p>Las 21 comisiones est\u00e1n integradas por 139 ramas de la actividad econ\u00f3mica del pa\u00eds. El porcentaje aprobado significa un alza en las remuneraciones de los sectores de los empleadores. (I)<\/p>\n<p>&nbsp;<\/p>\n<p>&nbsp;<\/p>\n<p>Fuente: <a href=\"http:\/\/www.ecuadorinmediato.com\/index.php?module=Noticias&amp;func=news_user_view&amp;id=2818792411&amp;umt=13_comisiones_sectoriales_acuerdan_un_aumento_salarial_del_326\">http:\/\/www.ecuadorinmediato.com\/index.php?module=Noticias&amp;func=news_user_view&amp;id=2818792411&amp;umt=13_comisiones_sectoriales_acuerdan_un_aumento_salarial_del_326<\/a><\/p>\n","protected":false},"excerpt":{"rendered":"<p>&nbsp; Los salarios en los sectores de pesca, minas, productos, farmac\u00e9uticos, bebidas y tabacos, metalmec\u00e1nica, veh\u00edculos, construcci\u00f3n, venta de productos, turismo, transporte, actividades tipo servicios, ense\u00f1anza y salud se incrementar\u00e1n en 3,26 % para este 2016. As\u00ed lo resolvieron las 13 comisiones sectoriales durante la reuni\u00f3n con Lenin Cadena, subsecretario de empleo y salarios del Ministerio de Trabajo. &nbsp; Las 21 comisiones est\u00e1n integradas por 139 ramas de la actividad econ\u00f3mica del pa\u00eds. El porcentaje aprobado significa un alza en las remuneraciones de los sectores de los empleadores. (I) &nbsp; &nbsp; Fuente: http:\/\/www.ecuadorinmediato.com\/index.php?module=Noticias&amp;func=news_user_view&amp;id=2818792411&amp;umt=13_comisiones_sectoriales_acuerdan_un_aumento_salarial_del_326<\/p>\n","protected":false},"author":1,"featured_media":236550,"comment_status":"open","ping_status":"open","sticky":false,"template":"","format":"standard","meta":[],"categories":[54,43],"tags":[],"_links":{"self":[{"href":"https:\/\/www.ecuadortimes.net\/es\/wp-json\/wp\/v2\/posts\/236549"}],"collection":[{"href":"https:\/\/www.ecuadortimes.net\/es\/wp-json\/wp\/v2\/posts"}],"about":[{"href":"https:\/\/www.ecuadortimes.net\/es\/wp-json\/wp\/v2\/types\/post"}],"author":[{"embeddable":true,"href":"https:\/\/www.ecuadortimes.net\/es\/wp-json\/wp\/v2\/users\/1"}],"replies":[{"embeddable":true,"href":"https:\/\/www.ecuadortimes.net\/es\/wp-json\/wp\/v2\/comments?post=236549"}],"version-history":[{"count":0,"href":"https:\/\/www.ecuadortimes.net\/es\/wp-json\/wp\/v2\/posts\/236549\/revisions"}],"wp:featuredmedia":[{"embeddable":true,"href":"https:\/\/www.ecuadortimes.net\/es\/wp-json\/wp\/v2\/media\/236550"}],"wp:attachment":[{"href":"https:\/\/www.ecuadortimes.net\/es\/wp-json\/wp\/v2\/media?parent=236549"}],"wp:term":[{"taxonomy":"category","embeddable":true,"href":"https:\/\/www.ecuadortimes.net\/es\/wp-json\/wp\/v2\/categories?post=236549"},{"taxonomy":"post_tag","embeddable":true,"href":"https:\/\/www.ecuadortimes.net\/es\/wp-json\/wp\/v2\/tags?post=236549"}],"curies":[{"name":"wp","href":"https:\/\/api.w.org\/{rel}","templated":true}]}}