{"id":236561,"date":"2015-12-03T00:00:00","date_gmt":"2015-12-03T00:00:00","guid":{"rendered":"https:\/\/www.ecuadortimes.net\/es\/mayoria-oficialista-debate-enmiendas-en-asamblea-oposicion-reclama-en-las-calles\/"},"modified":"2015-12-03T00:00:00","modified_gmt":"2015-12-03T00:00:00","slug":"mayoria-oficialista-debate-enmiendas-en-asamblea-oposicion-reclama-en-las-calles","status":"publish","type":"post","link":"https:\/\/www.ecuadortimes.net\/es\/mayoria-oficialista-debate-enmiendas-en-asamblea-oposicion-reclama-en-las-calles\/","title":{"rendered":"Mayor\u00eda oficialista debate enmiendas en Asamblea, oposici\u00f3n reclama en las calles"},"content":{"rendered":"<p>&nbsp;<\/p>\n<div id=\"attachment_170808\" style=\"width: 310px\" class=\"wp-caption aligncenter\"><a href=\"http:\/\/www.ecuadortimes.net\/es\/wp-content\/uploads\/2015\/12\/Captura-de-pantalla-2015-12-03-a-las-3.27.56-p.m..png\"><img aria-describedby=\"caption-attachment-170808\" loading=\"lazy\" class=\"size-medium wp-image-170808\" src=\"https:\/\/www.ecuadortimes.net\/es\/wp-content\/uploads\/2015\/12\/Captura-de-pantalla-2015-12-03-a-las-3.27.56-p.m.-300x205.png\" alt=\"Imagen: El Universo\" width=\"300\" height=\"205\" \/><\/a><p id=\"caption-attachment-170808\" class=\"wp-caption-text\">Imagen: El Universo<\/p><\/div>\n<p>Cincuenta minutos le tom\u00f3 a Juan Carlos Cassinelli, presidente de la Comisi\u00f3n Ocasional de Enmiendas, su exposici\u00f3n para abrir el debate e introducci\u00f3n tras tres horas de lectura del informe del proyecto de enmiendas constitucionales, documento de 116 p\u00e1ginas en la sesi\u00f3n 360 de la Asamblea Nacional.<\/p>\n<p>&nbsp;<\/p>\n<p>Para el ponente del proyecto se trata de una &#8220;jornada hist\u00f3rica, pues la propuesta se debate de cara a la gente y con una Asamblea territorial&#8221;. Al exterior, la oposici\u00f3n muestra carteles donde rechazan la rapidez con la que se convoc\u00f3 la sesi\u00f3n de votaci\u00f3n.<\/p>\n<p>&nbsp;<\/p>\n<p>Pese a la insistencia de dirigentes pol\u00edticos y a un par de forcejeos con la fuerza p\u00fablica, la oposici\u00f3n se qued\u00f3 fuera del cerco policial que, desde las 05:45 de este jueves, rode\u00f3 a la Asamblea Nacional.<\/p>\n<p>&nbsp;<\/p>\n<p>Decenas de ciudadanos que protestan enarbolan banderas ecuatorianas, mientras gigantes pancartas del Partido Comunista -otrora aliados del gobierno- se instalaron en las calles cerca de donde se encendieron llantas como manera de protesta a la agilidad con que se trata de analizar el proyecto de enmiendas.<\/p>\n<p>&nbsp;<\/p>\n<p>En medio de las consignas anticorre\u00edstas, Carlos P\u00e9rez Guartambel, presidente de la Ecuarunari, anunci\u00f3 que, m\u00e1s all\u00e1 de las enmiendas, el levantamiento ind\u00edgena continuar\u00e1 y de a poco ir\u00e1 sumando voces cr\u00edticas. Asegur\u00f3 que por la tarde llegar\u00edan m\u00e1s manifestantes. (I)<\/p>\n<p>Fuente: <a href=\"http:\/\/www.eluniverso.com\/noticias\/2015\/12\/03\/nota\/5276862\/mayoria-oficialista-segundo-debate-enmiendas\">http:\/\/www.eluniverso.com\/noticias\/2015\/12\/03\/nota\/5276862\/mayoria-oficialista-segundo-debate-enmiendas<\/a><\/p>\n","protected":false},"excerpt":{"rendered":"<p>&nbsp; Cincuenta minutos le tom\u00f3 a Juan Carlos Cassinelli, presidente de la Comisi\u00f3n Ocasional de Enmiendas, su exposici\u00f3n para abrir el debate e introducci\u00f3n tras tres horas de lectura del informe del proyecto de enmiendas constitucionales, documento de 116 p\u00e1ginas en la sesi\u00f3n 360 de la Asamblea Nacional. &nbsp; Para el ponente del proyecto se trata de una &#8220;jornada hist\u00f3rica, pues la propuesta se debate de cara a la gente y con una Asamblea territorial&#8221;. Al exterior, la oposici\u00f3n muestra carteles donde rechazan la rapidez con la que se convoc\u00f3 la sesi\u00f3n de votaci\u00f3n. &nbsp; Pese a la insistencia de dirigentes pol\u00edticos y a un par de forcejeos con la fuerza p\u00fablica, la oposici\u00f3n se qued\u00f3 fuera del cerco policial que, desde las 05:45 de este jueves, rode\u00f3 a la Asamblea Nacional. &nbsp; Decenas de ciudadanos que protestan enarbolan banderas ecuatorianas, mientras gigantes pancartas del Partido Comunista -otrora aliados del gobierno- se instalaron en las calles cerca de donde se encendieron llantas como manera de protesta a la agilidad con que se trata de analizar el proyecto de enmiendas. &nbsp; En medio de las consignas anticorre\u00edstas, Carlos P\u00e9rez Guartambel, presidente de la Ecuarunari, anunci\u00f3 que, m\u00e1s all\u00e1 de las enmiendas, el levantamiento ind\u00edgena continuar\u00e1 y de a poco ir\u00e1 sumando voces cr\u00edticas. Asegur\u00f3 que por la tarde llegar\u00edan m\u00e1s manifestantes. (I) Fuente: http:\/\/www.eluniverso.com\/noticias\/2015\/12\/03\/nota\/5276862\/mayoria-oficialista-segundo-debate-enmiendas<\/p>\n","protected":false},"author":1,"featured_media":0,"comment_status":"open","ping_status":"open","sticky":false,"template":"","format":"standard","meta":[],"categories":[54,40],"tags":[],"_links":{"self":[{"href":"https:\/\/www.ecuadortimes.net\/es\/wp-json\/wp\/v2\/posts\/236561"}],"collection":[{"href":"https:\/\/www.ecuadortimes.net\/es\/wp-json\/wp\/v2\/posts"}],"about":[{"href":"https:\/\/www.ecuadortimes.net\/es\/wp-json\/wp\/v2\/types\/post"}],"author":[{"embeddable":true,"href":"https:\/\/www.ecuadortimes.net\/es\/wp-json\/wp\/v2\/users\/1"}],"replies":[{"embeddable":true,"href":"https:\/\/www.ecuadortimes.net\/es\/wp-json\/wp\/v2\/comments?post=236561"}],"version-history":[{"count":0,"href":"https:\/\/www.ecuadortimes.net\/es\/wp-json\/wp\/v2\/posts\/236561\/revisions"}],"wp:attachment":[{"href":"https:\/\/www.ecuadortimes.net\/es\/wp-json\/wp\/v2\/media?parent=236561"}],"wp:term":[{"taxonomy":"category","embeddable":true,"href":"https:\/\/www.ecuadortimes.net\/es\/wp-json\/wp\/v2\/categories?post=236561"},{"taxonomy":"post_tag","embeddable":true,"href":"https:\/\/www.ecuadortimes.net\/es\/wp-json\/wp\/v2\/tags?post=236561"}],"curies":[{"name":"wp","href":"https:\/\/api.w.org\/{rel}","templated":true}]}}