{"id":236564,"date":"2015-12-03T00:00:00","date_gmt":"2015-12-03T00:00:00","guid":{"rendered":"https:\/\/www.ecuadortimes.net\/es\/en-parte-ecuador-coincide-con-el-fmi\/"},"modified":"2015-12-03T00:00:00","modified_gmt":"2015-12-03T00:00:00","slug":"en-parte-ecuador-coincide-con-el-fmi","status":"publish","type":"post","link":"https:\/\/www.ecuadortimes.net\/es\/en-parte-ecuador-coincide-con-el-fmi\/","title":{"rendered":"En parte, Ecuador coincide con el FMI"},"content":{"rendered":"<p>&nbsp;<\/p>\n<div id=\"attachment_170820\" style=\"width: 251px\" class=\"wp-caption alignright\"><a href=\"http:\/\/www.ecuadortimes.net\/es\/wp-content\/uploads\/2015\/12\/Captura-de-pantalla-2015-12-03-a-las-4.06.12-p.m..png\"><img aria-describedby=\"caption-attachment-170820\" loading=\"lazy\" class=\"size-medium wp-image-170820\" src=\"https:\/\/www.ecuadortimes.net\/es\/wp-content\/uploads\/2015\/12\/Captura-de-pantalla-2015-12-03-a-las-4.06.12-p.m.-241x300.png\" alt=\"Imagen: Expreso\" width=\"241\" height=\"300\" \/><\/a><p id=\"caption-attachment-170820\" class=\"wp-caption-text\">Imagen: Expreso<\/p><\/div>\n<p style=\"text-align: justify;\">El Gobierno se ha mantenido distante y cr\u00edtico del Fondo Monetario Internacional (FMI) y ha negado, incluso, un posible acuerdo para acceder a cr\u00e9ditos. Pero algunas de las medidas adoptadas para afrontar la reducci\u00f3n de liquidez coinciden con las sugerencias tradicionales y, ya varias veces dichas, por el organismo multilateral.<\/p>\n<p style=\"text-align: justify;\">\n<p style=\"text-align: justify;\">El Presupuesto General del Estado de 2016 lo muestra. Entre las diez observaciones del Fondo, emitidas en octubre, se sugiere reformar el plan de subsidios. Comparando cifras, el monto pasa de 5.966 millones, en 2015, a 3.193,6 millones el pr\u00f3ximo a\u00f1o. Una ca\u00edda de 2.773 millones de d\u00f3lares.<\/p>\n<p>&nbsp;<\/p>\n<p>Patricio Rivera, ministro coordinador de Pol\u00edtica Econ\u00f3mica, adelant\u00f3 que la focalizaci\u00f3n de subsidios continuar\u00e1 en 2016. Hay una propuesta para reducir la subvenci\u00f3n el\u00e9ctrica en al menos 120 millones de d\u00f3lares.<\/p>\n<p>&nbsp;<\/p>\n<p>El Gobierno tambi\u00e9n eliminar\u00e1 paulatinamente las salvaguardias, algo que p\u00fablicamente han sugerido el FMI y la Organizaci\u00f3n Mundial del Comercio. En enero comenzar\u00e1 el desmonte de las sobretasas. (I)<\/p>\n<p>&nbsp;<\/p>\n<p>Fuente: <a href=\"http:\/\/expreso.ec\/expreso\/plantillas\/nota.aspx?idart=8715040&amp;idcat=38269&amp;tipo=2\">http:\/\/expreso.ec\/expreso\/plantillas\/nota.aspx?idart=8715040&amp;idcat=38269&amp;tipo=2<\/a><\/p>\n","protected":false},"excerpt":{"rendered":"<p>&nbsp; El Gobierno se ha mantenido distante y cr\u00edtico del Fondo Monetario Internacional (FMI) y ha negado, incluso, un posible acuerdo para acceder a cr\u00e9ditos. Pero algunas de las medidas adoptadas para afrontar la reducci\u00f3n de liquidez coinciden con las sugerencias tradicionales y, ya varias veces dichas, por el organismo multilateral. El Presupuesto General del Estado de 2016 lo muestra. Entre las diez observaciones del Fondo, emitidas en octubre, se sugiere reformar el plan de subsidios. Comparando cifras, el monto pasa de 5.966 millones, en 2015, a 3.193,6 millones el pr\u00f3ximo a\u00f1o. Una ca\u00edda de 2.773 millones de d\u00f3lares. &nbsp; Patricio Rivera, ministro coordinador de Pol\u00edtica Econ\u00f3mica, adelant\u00f3 que la focalizaci\u00f3n de subsidios continuar\u00e1 en 2016. Hay una propuesta para reducir la subvenci\u00f3n el\u00e9ctrica en al menos 120 millones de d\u00f3lares. &nbsp; El Gobierno tambi\u00e9n eliminar\u00e1 paulatinamente las salvaguardias, algo que p\u00fablicamente han sugerido el FMI y la Organizaci\u00f3n Mundial del Comercio. En enero comenzar\u00e1 el desmonte de las sobretasas. (I) &nbsp; Fuente: http:\/\/expreso.ec\/expreso\/plantillas\/nota.aspx?idart=8715040&amp;idcat=38269&amp;tipo=2<\/p>\n","protected":false},"author":1,"featured_media":0,"comment_status":"open","ping_status":"open","sticky":false,"template":"","format":"standard","meta":[],"categories":[43],"tags":[],"_links":{"self":[{"href":"https:\/\/www.ecuadortimes.net\/es\/wp-json\/wp\/v2\/posts\/236564"}],"collection":[{"href":"https:\/\/www.ecuadortimes.net\/es\/wp-json\/wp\/v2\/posts"}],"about":[{"href":"https:\/\/www.ecuadortimes.net\/es\/wp-json\/wp\/v2\/types\/post"}],"author":[{"embeddable":true,"href":"https:\/\/www.ecuadortimes.net\/es\/wp-json\/wp\/v2\/users\/1"}],"replies":[{"embeddable":true,"href":"https:\/\/www.ecuadortimes.net\/es\/wp-json\/wp\/v2\/comments?post=236564"}],"version-history":[{"count":0,"href":"https:\/\/www.ecuadortimes.net\/es\/wp-json\/wp\/v2\/posts\/236564\/revisions"}],"wp:attachment":[{"href":"https:\/\/www.ecuadortimes.net\/es\/wp-json\/wp\/v2\/media?parent=236564"}],"wp:term":[{"taxonomy":"category","embeddable":true,"href":"https:\/\/www.ecuadortimes.net\/es\/wp-json\/wp\/v2\/categories?post=236564"},{"taxonomy":"post_tag","embeddable":true,"href":"https:\/\/www.ecuadortimes.net\/es\/wp-json\/wp\/v2\/tags?post=236564"}],"curies":[{"name":"wp","href":"https:\/\/api.w.org\/{rel}","templated":true}]}}