{"id":236565,"date":"2015-12-04T00:00:00","date_gmt":"2015-12-04T00:00:00","guid":{"rendered":"https:\/\/www.ecuadortimes.net\/es\/se-aprobaron-las-enmiendas-constitucionales\/"},"modified":"2015-12-04T00:00:00","modified_gmt":"2015-12-04T00:00:00","slug":"se-aprobaron-las-enmiendas-constitucionales","status":"publish","type":"post","link":"https:\/\/www.ecuadortimes.net\/es\/se-aprobaron-las-enmiendas-constitucionales\/","title":{"rendered":"Se aprobaron las enmiendas constitucionales"},"content":{"rendered":"<p>&nbsp;<\/p>\n<div id=\"attachment_170824\" style=\"width: 310px\" class=\"wp-caption aligncenter\"><a href=\"http:\/\/www.ecuadortimes.net\/es\/wp-content\/uploads\/2015\/12\/enmiendas-ecuadortimes-ecuadornews.jpg\"><img aria-describedby=\"caption-attachment-170824\" loading=\"lazy\" class=\"size-medium wp-image-170824\" src=\"https:\/\/www.ecuadortimes.net\/es\/wp-content\/uploads\/2015\/12\/enmiendas-ecuadortimes-ecuadornews-300x172.jpg\" alt=\"Imagen: El Universo\" width=\"300\" height=\"172\" \/><\/a><p id=\"caption-attachment-170824\" class=\"wp-caption-text\">Imagen: El Universo<\/p><\/div>\n<p>Los movimientos Alianza PAIS (AP), Acci\u00f3n Regional por la Equidad (ARE) de Loja y Movimiento Creyendo en Nuestra Gente (MCNG) de Santa Elena aprobaron con 100 votos el proyecto de 15 enmiendas a la Constituci\u00f3n. La sorpresa la dio el gobiernista Fernando Bustamante, que se abstuvo de votar y sali\u00f3 al apuro del pleno.<\/p>\n<p>&nbsp;<\/p>\n<p>Antes de la votaci\u00f3n, el presidente de la Comisi\u00f3n Ocasional de Enmiendas, Juan Carlos Cassinelli (AP), propuso cuatro cambios al articulado que constaba en el informe para el segundo debate.<\/p>\n<p>&nbsp;<\/p>\n<p>Agregar que los servidores p\u00fablicos tendr\u00e1n derecho a la organizaci\u00f3n para la defensa de sus derechos para la mejora en la prestaci\u00f3n de servicios p\u00fablicos\u009d; reemplazar jubilaci\u00f3n\u009d de la fuerza p\u00fablica por retiro\u009d; sustituir la coma por el punto en el cambio que elimina el plazo de 8 a\u00f1os para conformaci\u00f3n de regiones y cambiar la disposici\u00f3n final de la Asamblea para que se haga saber a la Corte Constitucional el contenido de este acto normativo fueron las modificaciones finales.<\/p>\n<p>El debate dur\u00f3 nueve horas y 40 minutos, tiempo en que la presencia de la oposici\u00f3n fue irregular y al final solo los siete asamble\u00edstas del PSC y Luis Tapia (antes de SP) se quedaron para votar en contra. Los de Pachakutik se retiraron; y CREO, Avanza y SP no estuvieron. (I)<\/p>\n<p>Fuente: <a href=\"http:\/\/www.eluniverso.com\/noticias\/2015\/12\/04\/nota\/5277588\/tras-casi-10-horas-discusion-legislativo-aprobo-enmiendas\">http:\/\/www.eluniverso.com\/noticias\/2015\/12\/04\/nota\/5277588\/tras-casi-10-horas-discusion-legislativo-aprobo-enmiendas<\/a><\/p>\n","protected":false},"excerpt":{"rendered":"<p>&nbsp; Los movimientos Alianza PAIS (AP), Acci\u00f3n Regional por la Equidad (ARE) de Loja y Movimiento Creyendo en Nuestra Gente (MCNG) de Santa Elena aprobaron con 100 votos el proyecto de 15 enmiendas a la Constituci\u00f3n. La sorpresa la dio el gobiernista Fernando Bustamante, que se abstuvo de votar y sali\u00f3 al apuro del pleno. &nbsp; Antes de la votaci\u00f3n, el presidente de la Comisi\u00f3n Ocasional de Enmiendas, Juan Carlos Cassinelli (AP), propuso cuatro cambios al articulado que constaba en el informe para el segundo debate. &nbsp; Agregar que los servidores p\u00fablicos tendr\u00e1n derecho a la organizaci\u00f3n para la defensa de sus derechos para la mejora en la prestaci\u00f3n de servicios p\u00fablicos\u009d; reemplazar jubilaci\u00f3n\u009d de la fuerza p\u00fablica por retiro\u009d; sustituir la coma por el punto en el cambio que elimina el plazo de 8 a\u00f1os para conformaci\u00f3n de regiones y cambiar la disposici\u00f3n final de la Asamblea para que se haga saber a la Corte Constitucional el contenido de este acto normativo fueron las modificaciones finales. El debate dur\u00f3 nueve horas y 40 minutos, tiempo en que la presencia de la oposici\u00f3n fue irregular y al final solo los siete asamble\u00edstas del PSC y Luis Tapia (antes de SP) se quedaron para votar en contra. Los de Pachakutik se retiraron; y CREO, Avanza y SP no estuvieron. (I) Fuente: http:\/\/www.eluniverso.com\/noticias\/2015\/12\/04\/nota\/5277588\/tras-casi-10-horas-discusion-legislativo-aprobo-enmiendas<\/p>\n","protected":false},"author":1,"featured_media":236566,"comment_status":"open","ping_status":"open","sticky":false,"template":"","format":"standard","meta":[],"categories":[54,40],"tags":[],"_links":{"self":[{"href":"https:\/\/www.ecuadortimes.net\/es\/wp-json\/wp\/v2\/posts\/236565"}],"collection":[{"href":"https:\/\/www.ecuadortimes.net\/es\/wp-json\/wp\/v2\/posts"}],"about":[{"href":"https:\/\/www.ecuadortimes.net\/es\/wp-json\/wp\/v2\/types\/post"}],"author":[{"embeddable":true,"href":"https:\/\/www.ecuadortimes.net\/es\/wp-json\/wp\/v2\/users\/1"}],"replies":[{"embeddable":true,"href":"https:\/\/www.ecuadortimes.net\/es\/wp-json\/wp\/v2\/comments?post=236565"}],"version-history":[{"count":0,"href":"https:\/\/www.ecuadortimes.net\/es\/wp-json\/wp\/v2\/posts\/236565\/revisions"}],"wp:featuredmedia":[{"embeddable":true,"href":"https:\/\/www.ecuadortimes.net\/es\/wp-json\/wp\/v2\/media\/236566"}],"wp:attachment":[{"href":"https:\/\/www.ecuadortimes.net\/es\/wp-json\/wp\/v2\/media?parent=236565"}],"wp:term":[{"taxonomy":"category","embeddable":true,"href":"https:\/\/www.ecuadortimes.net\/es\/wp-json\/wp\/v2\/categories?post=236565"},{"taxonomy":"post_tag","embeddable":true,"href":"https:\/\/www.ecuadortimes.net\/es\/wp-json\/wp\/v2\/tags?post=236565"}],"curies":[{"name":"wp","href":"https:\/\/api.w.org\/{rel}","templated":true}]}}