{"id":236576,"date":"2015-12-04T00:00:00","date_gmt":"2015-12-04T00:00:00","guid":{"rendered":"https:\/\/www.ecuadortimes.net\/es\/empresarios-a-favor-de-la-flexibilizacion-laboral\/"},"modified":"2015-12-04T00:00:00","modified_gmt":"2015-12-04T00:00:00","slug":"empresarios-a-favor-de-la-flexibilizacion-laboral","status":"publish","type":"post","link":"https:\/\/www.ecuadortimes.net\/es\/empresarios-a-favor-de-la-flexibilizacion-laboral\/","title":{"rendered":"Empresarios a favor de la flexibilizaci\u00f3n laboral"},"content":{"rendered":"<p><a href=\"http:\/\/www.ecuadortimes.net\/es\/wp-content\/uploads\/2015\/12\/Captura-de-pantalla-2015-12-04-a-las-3.44.13-p.m..png\"><img loading=\"lazy\" class=\"size-medium wp-image-170848 aligncenter\" src=\"https:\/\/www.ecuadortimes.net\/es\/wp-content\/uploads\/2015\/12\/Captura-de-pantalla-2015-12-04-a-las-3.44.13-p.m.-300x196.png\" alt=\"Captura de pantalla 2015-12-04 a las 3.44.13 p.m.\" width=\"300\" height=\"196\" \/><\/a><\/p>\n<p style=\"text-align: justify;\">La propuesta del ministro de Industrias, Eduardo Egas, anunciada ayer en una entrevista con diario Expreso, provoc\u00f3 reacciones del sector productivo y del gremio de los trabajadores.<\/p>\n<p style=\"text-align: justify;\">El sector empresarial aplaude que se analice el par\u00e1metro del adelanto del pago del impuesto a la renta y la flexibilizaci\u00f3n laboral para evitar despidos.<\/p>\n<p style=\"text-align: justify;\">Las medidas tendr\u00edan el prop\u00f3sito de ganar liquidez y evitar bajar las plantillas en las empresas, la cual ha bajado porque al pa\u00eds no entrar\u00e1n en este a\u00f1o $ 7.000 millones por la exportaci\u00f3n del petr\u00f3leo, como efecto de la ca\u00edda de su precio.<\/p>\n<p style=\"text-align: justify;\">Los empresarios, que tienen las mismas metas indicadas, dan otras sugerencias. Henry Kronfle, expresidente de la C\u00e1mara de Industrias de Guayaquil, dijo a este Diario que dentro de la dolarizaci\u00f3n y m\u00e1s cuando hay recesi\u00f3n no se puede buscar mecanismos experimentales, porque eso genera desconfianza.<\/p>\n<p style=\"text-align: justify;\">Destac\u00f3 que si no hay dinero no se puede gastar, por lo tanto no se puede importar, entonces no se necesita ning\u00fan tipo de medida de restricci\u00f3n para las compras en el exterior.<\/p>\n<p style=\"text-align: justify;\">Una empresa 100 % exportadora deber\u00eda comprar localmente sin pagar el Impuesto al Valor Agregado (IVA). Lo que generar\u00eda liquidez, competitividad y se puede terminar con el drawback&#8221;, indic\u00f3. (I)<\/p>\n<p style=\"text-align: justify;\">Fuente: <a href=\"http:\/\/expreso.ec\/expreso\/plantillas\/nota.aspx?idart=8717594&amp;idcat=38269&amp;tipo=2\">http:\/\/expreso.ec\/expreso\/plantillas\/nota.aspx?idart=8717594&amp;idcat=38269&amp;tipo=2<\/a><\/p>\n<p style=\"text-align: justify;\">\n","protected":false},"excerpt":{"rendered":"<p>La propuesta del ministro de Industrias, Eduardo Egas, anunciada ayer en una entrevista con diario Expreso, provoc\u00f3 reacciones del sector productivo y del gremio de los trabajadores. El sector empresarial aplaude que se analice el par\u00e1metro del adelanto del pago del impuesto a la renta y la flexibilizaci\u00f3n laboral para evitar despidos. Las medidas tendr\u00edan el prop\u00f3sito de ganar liquidez y evitar bajar las plantillas en las empresas, la cual ha bajado porque al pa\u00eds no entrar\u00e1n en este a\u00f1o $ 7.000 millones por la exportaci\u00f3n del petr\u00f3leo, como efecto de la ca\u00edda de su precio. Los empresarios, que tienen las mismas metas indicadas, dan otras sugerencias. Henry Kronfle, expresidente de la C\u00e1mara de Industrias de Guayaquil, dijo a este Diario que dentro de la dolarizaci\u00f3n y m\u00e1s cuando hay recesi\u00f3n no se puede buscar mecanismos experimentales, porque eso genera desconfianza. Destac\u00f3 que si no hay dinero no se puede gastar, por lo tanto no se puede importar, entonces no se necesita ning\u00fan tipo de medida de restricci\u00f3n para las compras en el exterior. Una empresa 100 % exportadora deber\u00eda comprar localmente sin pagar el Impuesto al Valor Agregado (IVA). Lo que generar\u00eda liquidez, competitividad y se puede terminar con el drawback&#8221;, indic\u00f3. (I) Fuente: http:\/\/expreso.ec\/expreso\/plantillas\/nota.aspx?idart=8717594&amp;idcat=38269&amp;tipo=2<\/p>\n","protected":false},"author":1,"featured_media":0,"comment_status":"open","ping_status":"open","sticky":false,"template":"","format":"standard","meta":[],"categories":[43],"tags":[],"_links":{"self":[{"href":"https:\/\/www.ecuadortimes.net\/es\/wp-json\/wp\/v2\/posts\/236576"}],"collection":[{"href":"https:\/\/www.ecuadortimes.net\/es\/wp-json\/wp\/v2\/posts"}],"about":[{"href":"https:\/\/www.ecuadortimes.net\/es\/wp-json\/wp\/v2\/types\/post"}],"author":[{"embeddable":true,"href":"https:\/\/www.ecuadortimes.net\/es\/wp-json\/wp\/v2\/users\/1"}],"replies":[{"embeddable":true,"href":"https:\/\/www.ecuadortimes.net\/es\/wp-json\/wp\/v2\/comments?post=236576"}],"version-history":[{"count":0,"href":"https:\/\/www.ecuadortimes.net\/es\/wp-json\/wp\/v2\/posts\/236576\/revisions"}],"wp:attachment":[{"href":"https:\/\/www.ecuadortimes.net\/es\/wp-json\/wp\/v2\/media?parent=236576"}],"wp:term":[{"taxonomy":"category","embeddable":true,"href":"https:\/\/www.ecuadortimes.net\/es\/wp-json\/wp\/v2\/categories?post=236576"},{"taxonomy":"post_tag","embeddable":true,"href":"https:\/\/www.ecuadortimes.net\/es\/wp-json\/wp\/v2\/tags?post=236576"}],"curies":[{"name":"wp","href":"https:\/\/api.w.org\/{rel}","templated":true}]}}