{"id":236577,"date":"2015-12-07T00:00:00","date_gmt":"2015-12-07T00:00:00","guid":{"rendered":"https:\/\/www.ecuadortimes.net\/es\/tierras-sin-explotar-pasaran-al-estado-segun-ley\/"},"modified":"2015-12-07T00:00:00","modified_gmt":"2015-12-07T00:00:00","slug":"tierras-sin-explotar-pasaran-al-estado-segun-ley","status":"publish","type":"post","link":"https:\/\/www.ecuadortimes.net\/es\/tierras-sin-explotar-pasaran-al-estado-segun-ley\/","title":{"rendered":"Tierras sin explotar pasar\u00e1n al Estado, seg\u00fan ley"},"content":{"rendered":"<p><a href=\"http:\/\/www.ecuadortimes.net\/es\/wp-content\/uploads\/2015\/12\/tierra_slide-ecuadortimes-ecuadornews.jpg\"><img loading=\"lazy\" class=\"size-medium wp-image-170855 aligncenter\" src=\"https:\/\/www.ecuadortimes.net\/es\/wp-content\/uploads\/2015\/12\/tierra_slide-ecuadortimes-ecuadornews-300x159.jpg\" alt=\"tierra_slide-ecuadortimes-ecuadornews\" width=\"300\" height=\"159\" \/><\/a><\/p>\n<p>La normativa est\u00e1 confirmada en el proyecto de Ley de Tierras, que pasar\u00e1 al segundo y definitivo debate en el pleno de la Asamblea Nacional. Esta disposici\u00f3n corre para las tierras abandonadas o mal cuidadas, es decir, no productivas y que no cumplan con su funci\u00f3n social y ambiental.<\/p>\n<p>Pero esos terrenos, que estar\u00e1n en manos del Estado, en el Fondo de Tierras, ser\u00e1n comprados. No al precio del mercado, sino al que determine el catastro de la Municipalidad a la que pertenezca. As\u00ed lo explic\u00f3 a diario Expreso el vicepresidente de la Comisi\u00f3n de Soberan\u00eda Alimentaria, Mauricio Proa\u00f1o.<\/p>\n<p>&#8220;Se pagar\u00e1 a todos los propietarios de esas tierras. El Estado negocia con eso&#8221;, advirti\u00f3.<\/p>\n<p>Pero las expropiaciones no ser\u00e1n de golpe. Primero se notificar\u00e1 a sus due\u00f1os, que tendr\u00e1n un a\u00f1o de plazo para producir sus tierras. Tambi\u00e9n pagar\u00e1n una multa.<\/p>\n<p>Sin embargo, si los comuneros incumplen con esta disposici\u00f3n, el Estado se las quitar\u00e1, se\u00f1ala la disposici\u00f3n transitoria decimoprimera. &#8220;Las tierras rurales que hayan permanecido inexplotadas por m\u00e1s de dos a\u00f1os consecutivos ser\u00e1n objeto de afectaci\u00f3n y destinadas a programas de redistribuci\u00f3n de tierras&#8221;, dice la disposici\u00f3n transitoria decimoprimera.<\/p>\n<p>Adem\u00e1s, las tierras rurales que se encuentren en juicio o sean materia de un reclamo administrativo, por m\u00e1s de cinco a\u00f1os, ser\u00e1n declaradas de utilidad p\u00fablica y ser\u00e1n redistribu\u00eddas, seg\u00fan la disposici\u00f3n transitoria decimasegunda. (I)<\/p>\n<p>&nbsp;<\/p>\n<p>Fuente: <a href=\"http:\/\/expreso.ec\/expreso\/plantillas\/nota.aspx?idart=8720506&amp;idcat=38269&amp;tipo=2\">http:\/\/expreso.ec\/expreso\/plantillas\/nota.aspx?idart=8720506&amp;idcat=38269&amp;tipo=2<\/a><\/p>\n","protected":false},"excerpt":{"rendered":"<p>La normativa est\u00e1 confirmada en el proyecto de Ley de Tierras, que pasar\u00e1 al segundo y definitivo debate en el pleno de la Asamblea Nacional. Esta disposici\u00f3n corre para las tierras abandonadas o mal cuidadas, es decir, no productivas y que no cumplan con su funci\u00f3n social y ambiental. Pero esos terrenos, que estar\u00e1n en manos del Estado, en el Fondo de Tierras, ser\u00e1n comprados. No al precio del mercado, sino al que determine el catastro de la Municipalidad a la que pertenezca. As\u00ed lo explic\u00f3 a diario Expreso el vicepresidente de la Comisi\u00f3n de Soberan\u00eda Alimentaria, Mauricio Proa\u00f1o. &#8220;Se pagar\u00e1 a todos los propietarios de esas tierras. El Estado negocia con eso&#8221;, advirti\u00f3. Pero las expropiaciones no ser\u00e1n de golpe. Primero se notificar\u00e1 a sus due\u00f1os, que tendr\u00e1n un a\u00f1o de plazo para producir sus tierras. Tambi\u00e9n pagar\u00e1n una multa. Sin embargo, si los comuneros incumplen con esta disposici\u00f3n, el Estado se las quitar\u00e1, se\u00f1ala la disposici\u00f3n transitoria decimoprimera. &#8220;Las tierras rurales que hayan permanecido inexplotadas por m\u00e1s de dos a\u00f1os consecutivos ser\u00e1n objeto de afectaci\u00f3n y destinadas a programas de redistribuci\u00f3n de tierras&#8221;, dice la disposici\u00f3n transitoria decimoprimera. Adem\u00e1s, las tierras rurales que se encuentren en juicio o sean materia de un reclamo administrativo, por m\u00e1s de cinco a\u00f1os, ser\u00e1n declaradas de utilidad p\u00fablica y ser\u00e1n redistribu\u00eddas, seg\u00fan la disposici\u00f3n transitoria decimasegunda. (I) &nbsp; Fuente: http:\/\/expreso.ec\/expreso\/plantillas\/nota.aspx?idart=8720506&amp;idcat=38269&amp;tipo=2<\/p>\n","protected":false},"author":1,"featured_media":236578,"comment_status":"open","ping_status":"open","sticky":false,"template":"","format":"standard","meta":[],"categories":[54,40],"tags":[],"_links":{"self":[{"href":"https:\/\/www.ecuadortimes.net\/es\/wp-json\/wp\/v2\/posts\/236577"}],"collection":[{"href":"https:\/\/www.ecuadortimes.net\/es\/wp-json\/wp\/v2\/posts"}],"about":[{"href":"https:\/\/www.ecuadortimes.net\/es\/wp-json\/wp\/v2\/types\/post"}],"author":[{"embeddable":true,"href":"https:\/\/www.ecuadortimes.net\/es\/wp-json\/wp\/v2\/users\/1"}],"replies":[{"embeddable":true,"href":"https:\/\/www.ecuadortimes.net\/es\/wp-json\/wp\/v2\/comments?post=236577"}],"version-history":[{"count":0,"href":"https:\/\/www.ecuadortimes.net\/es\/wp-json\/wp\/v2\/posts\/236577\/revisions"}],"wp:featuredmedia":[{"embeddable":true,"href":"https:\/\/www.ecuadortimes.net\/es\/wp-json\/wp\/v2\/media\/236578"}],"wp:attachment":[{"href":"https:\/\/www.ecuadortimes.net\/es\/wp-json\/wp\/v2\/media?parent=236577"}],"wp:term":[{"taxonomy":"category","embeddable":true,"href":"https:\/\/www.ecuadortimes.net\/es\/wp-json\/wp\/v2\/categories?post=236577"},{"taxonomy":"post_tag","embeddable":true,"href":"https:\/\/www.ecuadortimes.net\/es\/wp-json\/wp\/v2\/tags?post=236577"}],"curies":[{"name":"wp","href":"https:\/\/api.w.org\/{rel}","templated":true}]}}