{"id":236583,"date":"2015-12-07T00:00:00","date_gmt":"2015-12-07T00:00:00","guid":{"rendered":"https:\/\/www.ecuadortimes.net\/es\/rodas-y-correa-pifiados-en-la-serenata-quitena\/"},"modified":"2015-12-07T00:00:00","modified_gmt":"2015-12-07T00:00:00","slug":"rodas-y-correa-pifiados-en-la-serenata-quitena","status":"publish","type":"post","link":"https:\/\/www.ecuadortimes.net\/es\/rodas-y-correa-pifiados-en-la-serenata-quitena\/","title":{"rendered":"Rodas y Correa, pifiados en la Serenata Quite\u00f1a"},"content":{"rendered":"<p>&nbsp;<\/p>\n<p><a href=\"http:\/\/www.ecuadortimes.net\/es\/wp-content\/uploads\/2015\/12\/serenata-quiten\u00cc\u0083a-cuatro.jpg\"><img loading=\"lazy\" class=\"size-medium wp-image-170864 aligncenter\" src=\"https:\/\/www.ecuadortimes.net\/es\/wp-content\/uploads\/2015\/12\/serenata-quiten\u00cc\u0083a-cuatro-300x209.jpg\" alt=\"serenata-quiten\u00cc\u0083a-cuatro\" width=\"300\" height=\"209\" \/><\/a><\/p>\n<p style=\"text-align: justify;\">El presidente Rafael Correa y el alcalde de Quito Mauricio Rodas han sido pifiados por los espectadores de la Serenata Quite\u00f1a, seg\u00fan reporta el sitio El Comercio, que explica que el motivo de la pifia fue que ambos habr\u00edan llegado con un atraso de veinte minutos a la Plaza de la Independencia.<\/p>\n<p style=\"text-align: justify;\">\n<p style=\"text-align: justify;\">Rafael Correa y Mauricio Rodas han entrado juntos al escenario, se sentaron en primera fila y desde all\u00ed escucharon los temas interpretados por la Orquesta Sinf\u00f3nica Nacional.<\/p>\n<p style=\"text-align: justify;\">\n<p style=\"text-align: justify;\">Correa ha bailado con la reina de Quito, Angie Vergara, hasta en tres ocasiones, hasta las 20:00. Mauricio Rodas permaneci\u00f3 sentado, tambi\u00e9n en primera fila, junto a su esposa. Rodas luci\u00f3 serio, cruz\u00f3 palabras con el Presidente despu\u00e9s de recibir las pifias de los espectadores, seg\u00fan reporta El Comercio. (I)<\/p>\n<p style=\"text-align: justify;\">\n<p style=\"text-align: justify;\">Fuente:\u00a0<a href=\"http:\/\/www.larepublica.ec\/blog\/politica\/2015\/12\/06\/rodas-y-correa-pifiados-en-la-serenata-quitena\/\">http:\/\/www.larepublica.ec\/blog\/politica\/2015\/12\/06\/rodas-y-correa-pifiados-en-la-serenata-quitena\/<\/a><\/p>\n<p style=\"text-align: justify;\">\n","protected":false},"excerpt":{"rendered":"<p>&nbsp; El presidente Rafael Correa y el alcalde de Quito Mauricio Rodas han sido pifiados por los espectadores de la Serenata Quite\u00f1a, seg\u00fan reporta el sitio El Comercio, que explica que el motivo de la pifia fue que ambos habr\u00edan llegado con un atraso de veinte minutos a la Plaza de la Independencia. Rafael Correa y Mauricio Rodas han entrado juntos al escenario, se sentaron en primera fila y desde all\u00ed escucharon los temas interpretados por la Orquesta Sinf\u00f3nica Nacional. Correa ha bailado con la reina de Quito, Angie Vergara, hasta en tres ocasiones, hasta las 20:00. Mauricio Rodas permaneci\u00f3 sentado, tambi\u00e9n en primera fila, junto a su esposa. Rodas luci\u00f3 serio, cruz\u00f3 palabras con el Presidente despu\u00e9s de recibir las pifias de los espectadores, seg\u00fan reporta El Comercio. (I) Fuente:\u00a0http:\/\/www.larepublica.ec\/blog\/politica\/2015\/12\/06\/rodas-y-correa-pifiados-en-la-serenata-quitena\/<\/p>\n","protected":false},"author":1,"featured_media":236584,"comment_status":"open","ping_status":"open","sticky":false,"template":"","format":"standard","meta":[],"categories":[40],"tags":[],"_links":{"self":[{"href":"https:\/\/www.ecuadortimes.net\/es\/wp-json\/wp\/v2\/posts\/236583"}],"collection":[{"href":"https:\/\/www.ecuadortimes.net\/es\/wp-json\/wp\/v2\/posts"}],"about":[{"href":"https:\/\/www.ecuadortimes.net\/es\/wp-json\/wp\/v2\/types\/post"}],"author":[{"embeddable":true,"href":"https:\/\/www.ecuadortimes.net\/es\/wp-json\/wp\/v2\/users\/1"}],"replies":[{"embeddable":true,"href":"https:\/\/www.ecuadortimes.net\/es\/wp-json\/wp\/v2\/comments?post=236583"}],"version-history":[{"count":0,"href":"https:\/\/www.ecuadortimes.net\/es\/wp-json\/wp\/v2\/posts\/236583\/revisions"}],"wp:featuredmedia":[{"embeddable":true,"href":"https:\/\/www.ecuadortimes.net\/es\/wp-json\/wp\/v2\/media\/236584"}],"wp:attachment":[{"href":"https:\/\/www.ecuadortimes.net\/es\/wp-json\/wp\/v2\/media?parent=236583"}],"wp:term":[{"taxonomy":"category","embeddable":true,"href":"https:\/\/www.ecuadortimes.net\/es\/wp-json\/wp\/v2\/categories?post=236583"},{"taxonomy":"post_tag","embeddable":true,"href":"https:\/\/www.ecuadortimes.net\/es\/wp-json\/wp\/v2\/tags?post=236583"}],"curies":[{"name":"wp","href":"https:\/\/api.w.org\/{rel}","templated":true}]}}