{"id":236588,"date":"2015-12-07T00:00:00","date_gmt":"2015-12-07T00:00:00","guid":{"rendered":"https:\/\/www.ecuadortimes.net\/es\/tan-pronto-se-vaya-alianza-pais-de-carondelet-hay-que-cambiar-las-enmiendas-comenta-aparicio-caicedo\/"},"modified":"2015-12-07T00:00:00","modified_gmt":"2015-12-07T00:00:00","slug":"tan-pronto-se-vaya-alianza-pais-de-carondelet-hay-que-cambiar-las-enmiendas-comenta-aparicio-caicedo","status":"publish","type":"post","link":"https:\/\/www.ecuadortimes.net\/es\/tan-pronto-se-vaya-alianza-pais-de-carondelet-hay-que-cambiar-las-enmiendas-comenta-aparicio-caicedo\/","title":{"rendered":"Tan pronto se vaya Alianza Pa\u00eds de Carondelet hay que cambiar las enmiendas, comenta Aparicio Caicedo"},"content":{"rendered":"<p><iframe loading=\"lazy\" src=\"https:\/\/www.youtube.com\/embed\/SzgKJUpAzGQ\" width=\"420\" height=\"315\" frameborder=\"0\" allowfullscreen=\"allowfullscreen\"><\/iframe><\/p>\n<p>Aparicio Caicedo, coautor del libro &#8220;Reelecci\u00f3n Indefinida versus Democracia&#8221;, al comentar la enmiendas constitucionales aprobadas la semana pasada que incluye la reelecci\u00f3n presidencial indefinida, record\u00f3 que en la historia latinoamericana una y otra vez aparece en el escenario pol\u00edtico un l\u00edder mesi\u00e1nico que llega al m\u00e1ximo de su popularidad que se intenta reelegir y perpetuar en el poder, de ah\u00ed la importancia del principio de alternancia.<\/p>\n<p>Este principio -dijo- es el que se defiende y seg\u00fan el cual no puede haber hegemon\u00eda pol\u00edtica de quien llega al poder, y eso es lo que pasa cuando quien ejerce el poder solo est\u00e1 encaminado a preservar su modelo ideol\u00f3gico basado en su l\u00edder carism\u00e1tico, y eso es lo que pasa en el Ecuador.<\/p>\n<p>&nbsp;<\/p>\n<p>&#8220;Hemos aprendido, los que quer\u00edamos una consulta popular, que esto no puede pasar y esto debe cambiar tan pronto se vaya Alianza Pa\u00eds de Carondelet&#8221;, sentenci\u00f3. (I)<\/p>\n","protected":false},"excerpt":{"rendered":"<p>Aparicio Caicedo, coautor del libro &#8220;Reelecci\u00f3n Indefinida versus Democracia&#8221;, al comentar la enmiendas constitucionales aprobadas la semana pasada que incluye la reelecci\u00f3n presidencial indefinida, record\u00f3 que en la historia latinoamericana una y otra vez aparece en el escenario pol\u00edtico un l\u00edder mesi\u00e1nico que llega al m\u00e1ximo de su popularidad que se intenta reelegir y perpetuar en el poder, de ah\u00ed la importancia del principio de alternancia. Este principio -dijo- es el que se defiende y seg\u00fan el cual no puede haber hegemon\u00eda pol\u00edtica de quien llega al poder, y eso es lo que pasa cuando quien ejerce el poder solo est\u00e1 encaminado a preservar su modelo ideol\u00f3gico basado en su l\u00edder carism\u00e1tico, y eso es lo que pasa en el Ecuador. &nbsp; &#8220;Hemos aprendido, los que quer\u00edamos una consulta popular, que esto no puede pasar y esto debe cambiar tan pronto se vaya Alianza Pa\u00eds de Carondelet&#8221;, sentenci\u00f3. (I)<\/p>\n","protected":false},"author":1,"featured_media":0,"comment_status":"open","ping_status":"open","sticky":false,"template":"","format":"standard","meta":[],"categories":[54,40],"tags":[],"_links":{"self":[{"href":"https:\/\/www.ecuadortimes.net\/es\/wp-json\/wp\/v2\/posts\/236588"}],"collection":[{"href":"https:\/\/www.ecuadortimes.net\/es\/wp-json\/wp\/v2\/posts"}],"about":[{"href":"https:\/\/www.ecuadortimes.net\/es\/wp-json\/wp\/v2\/types\/post"}],"author":[{"embeddable":true,"href":"https:\/\/www.ecuadortimes.net\/es\/wp-json\/wp\/v2\/users\/1"}],"replies":[{"embeddable":true,"href":"https:\/\/www.ecuadortimes.net\/es\/wp-json\/wp\/v2\/comments?post=236588"}],"version-history":[{"count":0,"href":"https:\/\/www.ecuadortimes.net\/es\/wp-json\/wp\/v2\/posts\/236588\/revisions"}],"wp:attachment":[{"href":"https:\/\/www.ecuadortimes.net\/es\/wp-json\/wp\/v2\/media?parent=236588"}],"wp:term":[{"taxonomy":"category","embeddable":true,"href":"https:\/\/www.ecuadortimes.net\/es\/wp-json\/wp\/v2\/categories?post=236588"},{"taxonomy":"post_tag","embeddable":true,"href":"https:\/\/www.ecuadortimes.net\/es\/wp-json\/wp\/v2\/tags?post=236588"}],"curies":[{"name":"wp","href":"https:\/\/api.w.org\/{rel}","templated":true}]}}