{"id":236592,"date":"2015-12-07T00:00:00","date_gmt":"2015-12-07T00:00:00","guid":{"rendered":"https:\/\/www.ecuadortimes.net\/es\/un-venezolano-en-ecuador\/"},"modified":"2015-12-07T00:00:00","modified_gmt":"2015-12-07T00:00:00","slug":"un-venezolano-en-ecuador","status":"publish","type":"post","link":"https:\/\/www.ecuadortimes.net\/es\/un-venezolano-en-ecuador\/","title":{"rendered":"Un Venezolano en Ecuador"},"content":{"rendered":"<p style=\"text-align: justify;\"><a href=\"http:\/\/www.ecuadortimes.net\/es\/wp-content\/uploads\/2015\/12\/CIUDADANO_VENEZOLANO_ECUADORTIMES.NET_.jpg\"><img loading=\"lazy\" class=\"size-medium wp-image-170894 alignleft\" src=\"https:\/\/www.ecuadortimes.net\/es\/wp-content\/uploads\/2015\/12\/CIUDADANO_VENEZOLANO_ECUADORTIMES.NET_-240x300.jpg\" alt=\"CIUDADANO_VENEZOLANO_ECUADORTIMES.NET\" width=\"240\" height=\"300\" \/><\/a>&#8220;Desde que llegue al ECUADOR, tierra c\u00e1lida que me ha dado su apoyo ya son 9 a\u00f1os, tierra que ya es parte de mi, donde he cumplido metas y\u00a0sue\u00f1os, donde conoc\u00ed una mujer que me ha dado mas all\u00e1 de su coraz\u00f3n, tierra donde he bailado, re\u00eddo, llorado pero sobre todo he formado mi hogar que hoy en d\u00eda en el que lidera es DIOS Y\u00a0SU AMOR,\u00a0pero siempre pensando en ese PAIS LLAMADO VENEZUELA, cuna de mi nacimiento, orgullo de mi sangre, \u00a1record\u00e1ndolo en cada momento que me levanto exclamando por dentro y con lagrimas en mis ojos!<\/p>\n<p style=\"text-align: justify;\">\u00a1Cu\u00e1ndo\u00a0ser\u00e1 que volver\u00e9 a vivir y disfrutar de esa VENEZUELA HERMOSA!,\u00a0de su naturaleza, de caminar con tranquilidad por las calles y poder decir esta es mi VENEZUELA, viendo como hermanos derramaron sangre y hasta perdieron sus vidas por tener esa LIBERTAD y con el miedo de que alg\u00fan d\u00eda no podr\u00eda volver a ver a mi familia pasaban elecciones,\u00a0marchas, guerras c\u00edvicas busc\u00e1ndole\u00a0la salida a\u00a0nuestra bella Patria y todo segu\u00eda igual en la misma esclavitud, atados a un GOBIERNO que no resolv\u00eda nada, pero el tiempo pasaba mas la Fe y las esperanzas segu\u00edan latentes de que todo alg\u00fan d\u00eda iba cambiar, hasta que llego el d\u00eda y fue este 6 DE DICIEMBRE\u00a0DEL 2015, que\u00a0se empieza a escribir una nueva historia VENEZUELA DICE abajo CADENAS y con un sumo gozo empezamos a saborear esta gran victoria contundente con un amanecer de gloria donde el cielo se viste de nuevo con una BANDERA que jam\u00e1s dej\u00f3\u00a0de ondear lleno de sus hermosos colores.<\/p>\n<p style=\"text-align: justify;\">Ahora podr\u00e9 decir\u00a0<strong>El tiempo de Dios es perfecto<\/strong>\u00a0aunque no\u00a0est\u00e9\u00a0en mi PAIS NATAL, que\u00a0en parte me duele no poder disfrutar esto con familiares y amigos, pero s\u00e9 que volver\u00e9 y me gozar\u00e9 de MI VENEZUELA HERMOSA QUE ME VIO NACER&#8221;.<\/p>\n<p>Testimonio de\u00a0Juan Molina<\/p>\n","protected":false},"excerpt":{"rendered":"<p>&#8220;Desde que llegue al ECUADOR, tierra c\u00e1lida que me ha dado su apoyo ya son 9 a\u00f1os, tierra que ya es parte de mi, donde he cumplido metas y\u00a0sue\u00f1os, donde conoc\u00ed una mujer que me ha dado mas all\u00e1 de su coraz\u00f3n, tierra donde he bailado, re\u00eddo, llorado pero sobre todo he formado mi hogar que hoy en d\u00eda en el que lidera es DIOS Y\u00a0SU AMOR,\u00a0pero siempre pensando en ese PAIS LLAMADO VENEZUELA, cuna de mi nacimiento, orgullo de mi sangre, \u00a1record\u00e1ndolo en cada momento que me levanto exclamando por dentro y con lagrimas en mis ojos! \u00a1Cu\u00e1ndo\u00a0ser\u00e1 que volver\u00e9 a vivir y disfrutar de esa VENEZUELA HERMOSA!,\u00a0de su naturaleza, de caminar con tranquilidad por las calles y poder decir esta es mi VENEZUELA, viendo como hermanos derramaron sangre y hasta perdieron sus vidas por tener esa LIBERTAD y con el miedo de que alg\u00fan d\u00eda no podr\u00eda volver a ver a mi familia pasaban elecciones,\u00a0marchas, guerras c\u00edvicas busc\u00e1ndole\u00a0la salida a\u00a0nuestra bella Patria y todo segu\u00eda igual en la misma esclavitud, atados a un GOBIERNO que no resolv\u00eda nada, pero el tiempo pasaba mas la Fe y las esperanzas segu\u00edan latentes de que todo alg\u00fan d\u00eda iba cambiar, hasta que llego el d\u00eda y fue este 6 DE DICIEMBRE\u00a0DEL 2015, que\u00a0se empieza a escribir una nueva historia VENEZUELA DICE abajo CADENAS y con un sumo gozo empezamos a saborear esta gran victoria contundente con un amanecer de gloria donde el cielo se viste de nuevo con una BANDERA que jam\u00e1s dej\u00f3\u00a0de ondear lleno de sus hermosos colores. Ahora podr\u00e9 decir\u00a0El tiempo de Dios es perfecto\u00a0aunque no\u00a0est\u00e9\u00a0en mi PAIS NATAL, que\u00a0en parte me duele no poder disfrutar esto con familiares y amigos, pero s\u00e9 que volver\u00e9 y me gozar\u00e9 de MI VENEZUELA HERMOSA QUE ME VIO NACER&#8221;. Testimonio de\u00a0Juan Molina<\/p>\n","protected":false},"author":1,"featured_media":236593,"comment_status":"open","ping_status":"open","sticky":false,"template":"","format":"standard","meta":[],"categories":[51],"tags":[],"_links":{"self":[{"href":"https:\/\/www.ecuadortimes.net\/es\/wp-json\/wp\/v2\/posts\/236592"}],"collection":[{"href":"https:\/\/www.ecuadortimes.net\/es\/wp-json\/wp\/v2\/posts"}],"about":[{"href":"https:\/\/www.ecuadortimes.net\/es\/wp-json\/wp\/v2\/types\/post"}],"author":[{"embeddable":true,"href":"https:\/\/www.ecuadortimes.net\/es\/wp-json\/wp\/v2\/users\/1"}],"replies":[{"embeddable":true,"href":"https:\/\/www.ecuadortimes.net\/es\/wp-json\/wp\/v2\/comments?post=236592"}],"version-history":[{"count":0,"href":"https:\/\/www.ecuadortimes.net\/es\/wp-json\/wp\/v2\/posts\/236592\/revisions"}],"wp:featuredmedia":[{"embeddable":true,"href":"https:\/\/www.ecuadortimes.net\/es\/wp-json\/wp\/v2\/media\/236593"}],"wp:attachment":[{"href":"https:\/\/www.ecuadortimes.net\/es\/wp-json\/wp\/v2\/media?parent=236592"}],"wp:term":[{"taxonomy":"category","embeddable":true,"href":"https:\/\/www.ecuadortimes.net\/es\/wp-json\/wp\/v2\/categories?post=236592"},{"taxonomy":"post_tag","embeddable":true,"href":"https:\/\/www.ecuadortimes.net\/es\/wp-json\/wp\/v2\/tags?post=236592"}],"curies":[{"name":"wp","href":"https:\/\/api.w.org\/{rel}","templated":true}]}}