{"id":236594,"date":"2015-12-08T00:00:00","date_gmt":"2015-12-08T00:00:00","guid":{"rendered":"https:\/\/www.ecuadortimes.net\/es\/nuevas-reglas-para-contraccion-de-trabajadores-en-sector-publico\/"},"modified":"2015-12-08T00:00:00","modified_gmt":"2015-12-08T00:00:00","slug":"nuevas-reglas-para-contraccion-de-trabajadores-en-sector-publico","status":"publish","type":"post","link":"https:\/\/www.ecuadortimes.net\/es\/nuevas-reglas-para-contraccion-de-trabajadores-en-sector-publico\/","title":{"rendered":"Nuevas reglas para contracci\u00f3n de trabajadores en sector p\u00fablico"},"content":{"rendered":"<p>&nbsp;<\/p>\n<div id=\"attachment_170902\" style=\"width: 310px\" class=\"wp-caption aligncenter\"><a href=\"http:\/\/www.ecuadortimes.net\/es\/wp-content\/uploads\/2015\/12\/sector-publico-ecuadortimes-ecuadornews.jpg\"><img aria-describedby=\"caption-attachment-170902\" loading=\"lazy\" class=\"size-medium wp-image-170902\" src=\"https:\/\/www.ecuadortimes.net\/es\/wp-content\/uploads\/2015\/12\/sector-publico-ecuadortimes-ecuadornews-300x192.jpg\" alt=\"Imagen: El Universo\" width=\"300\" height=\"192\" \/><\/a><p id=\"caption-attachment-170902\" class=\"wp-caption-text\">Imagen: El Universo<\/p><\/div>\n<p style=\"text-align: justify;\">Los obreros que se contraten al sector p\u00fablico deber\u00e1n regirse por la Ley Org\u00e1nica del Servicio P\u00fablico(Losep) y no por el c\u00f3digo de Trabajo, y que los servidores p\u00fablicos no podr\u00e1n acogerse a la contrataci\u00f3n colectiva son los principales cambios realizados a la Constituci\u00f3n en el tema laboral, a trav\u00e9s de la enmienda aprobada el pasado jueves.<\/p>\n<p style=\"text-align: justify;\">\n<p style=\"text-align: justify;\">La mayor\u00eda oficialista junto a sus aliados cambiaron los art\u00edculos 229 y 326; adem\u00e1s, incluyeron una transitoria.<\/p>\n<p style=\"text-align: justify;\">\n<p style=\"text-align: justify;\">En tanto, la transitoria da un plazo de 180 d\u00edas para que la Asamblea apruebe reformas a las leyes del sector p\u00fablico para acoplarlas a la enmienda.<\/p>\n<p style=\"text-align: justify;\">\n<p style=\"text-align: justify;\">En su argumentaci\u00f3n ante la Comisi\u00f3n de Enmiendas, el oficialista Fausto Cayambe afirm\u00f3 que al eliminar el tercer inciso del art\u00edculo 229 se terminar\u00eda con la discriminaci\u00f3n y desigualdad en el sector p\u00fablico, y asegur\u00f3 que la Organizaci\u00f3n Internacional del Trabajo (OIT) recomienda a los estados miembros que se deje de utilizar la categor\u00eda de obreros por estar en desuso.<\/p>\n<p style=\"text-align: justify;\">\n<p style=\"text-align: justify;\">En cambio, la enmienda al numeral 16 del art\u00edculo 326 incorpora m\u00e1s derechos como la huelga para todo el sector p\u00fablico (solo aplicaba para los obreros), dijo el legislador. (I)<\/p>\n<p style=\"text-align: justify;\">\n<p style=\"text-align: justify;\">Fuente: <a href=\"http:\/\/www.eluniverso.com\/noticias\/2015\/12\/08\/nota\/5286669\/sector-publico-nuevas-reglas-contratacion-trabajadores\">http:\/\/www.eluniverso.com\/noticias\/2015\/12\/08\/nota\/5286669\/sector-publico-nuevas-reglas-contratacion-trabajadores<\/a><\/p>\n","protected":false},"excerpt":{"rendered":"<p>&nbsp; Los obreros que se contraten al sector p\u00fablico deber\u00e1n regirse por la Ley Org\u00e1nica del Servicio P\u00fablico(Losep) y no por el c\u00f3digo de Trabajo, y que los servidores p\u00fablicos no podr\u00e1n acogerse a la contrataci\u00f3n colectiva son los principales cambios realizados a la Constituci\u00f3n en el tema laboral, a trav\u00e9s de la enmienda aprobada el pasado jueves. La mayor\u00eda oficialista junto a sus aliados cambiaron los art\u00edculos 229 y 326; adem\u00e1s, incluyeron una transitoria. En tanto, la transitoria da un plazo de 180 d\u00edas para que la Asamblea apruebe reformas a las leyes del sector p\u00fablico para acoplarlas a la enmienda. En su argumentaci\u00f3n ante la Comisi\u00f3n de Enmiendas, el oficialista Fausto Cayambe afirm\u00f3 que al eliminar el tercer inciso del art\u00edculo 229 se terminar\u00eda con la discriminaci\u00f3n y desigualdad en el sector p\u00fablico, y asegur\u00f3 que la Organizaci\u00f3n Internacional del Trabajo (OIT) recomienda a los estados miembros que se deje de utilizar la categor\u00eda de obreros por estar en desuso. En cambio, la enmienda al numeral 16 del art\u00edculo 326 incorpora m\u00e1s derechos como la huelga para todo el sector p\u00fablico (solo aplicaba para los obreros), dijo el legislador. (I) Fuente: http:\/\/www.eluniverso.com\/noticias\/2015\/12\/08\/nota\/5286669\/sector-publico-nuevas-reglas-contratacion-trabajadores<\/p>\n","protected":false},"author":1,"featured_media":236595,"comment_status":"open","ping_status":"open","sticky":false,"template":"","format":"standard","meta":[],"categories":[54,40],"tags":[],"_links":{"self":[{"href":"https:\/\/www.ecuadortimes.net\/es\/wp-json\/wp\/v2\/posts\/236594"}],"collection":[{"href":"https:\/\/www.ecuadortimes.net\/es\/wp-json\/wp\/v2\/posts"}],"about":[{"href":"https:\/\/www.ecuadortimes.net\/es\/wp-json\/wp\/v2\/types\/post"}],"author":[{"embeddable":true,"href":"https:\/\/www.ecuadortimes.net\/es\/wp-json\/wp\/v2\/users\/1"}],"replies":[{"embeddable":true,"href":"https:\/\/www.ecuadortimes.net\/es\/wp-json\/wp\/v2\/comments?post=236594"}],"version-history":[{"count":0,"href":"https:\/\/www.ecuadortimes.net\/es\/wp-json\/wp\/v2\/posts\/236594\/revisions"}],"wp:featuredmedia":[{"embeddable":true,"href":"https:\/\/www.ecuadortimes.net\/es\/wp-json\/wp\/v2\/media\/236595"}],"wp:attachment":[{"href":"https:\/\/www.ecuadortimes.net\/es\/wp-json\/wp\/v2\/media?parent=236594"}],"wp:term":[{"taxonomy":"category","embeddable":true,"href":"https:\/\/www.ecuadortimes.net\/es\/wp-json\/wp\/v2\/categories?post=236594"},{"taxonomy":"post_tag","embeddable":true,"href":"https:\/\/www.ecuadortimes.net\/es\/wp-json\/wp\/v2\/tags?post=236594"}],"curies":[{"name":"wp","href":"https:\/\/api.w.org\/{rel}","templated":true}]}}