{"id":236611,"date":"2015-12-08T00:00:00","date_gmt":"2015-12-08T00:00:00","guid":{"rendered":"https:\/\/www.ecuadortimes.net\/es\/sin-dar-fecha-presidente-rafael-correa-dijo-que-insistira-en-leyes-de-herencias-y-plusvalia\/"},"modified":"2015-12-08T00:00:00","modified_gmt":"2015-12-08T00:00:00","slug":"sin-dar-fecha-presidente-rafael-correa-dijo-que-insistira-en-leyes-de-herencias-y-plusvalia","status":"publish","type":"post","link":"https:\/\/www.ecuadortimes.net\/es\/sin-dar-fecha-presidente-rafael-correa-dijo-que-insistira-en-leyes-de-herencias-y-plusvalia\/","title":{"rendered":"Sin dar fecha, presidente Rafael Correa dijo que insistir\u00e1 en leyes de Herencias y Plusval\u00eda"},"content":{"rendered":"<p>&nbsp;<\/p>\n<div id=\"attachment_170932\" style=\"width: 310px\" class=\"wp-caption aligncenter\"><a href=\"http:\/\/www.ecuadortimes.net\/es\/wp-content\/uploads\/2015\/12\/pr03b081215photo01.jpg\"><img aria-describedby=\"caption-attachment-170932\" loading=\"lazy\" class=\"size-medium wp-image-170932\" src=\"https:\/\/www.ecuadortimes.net\/es\/wp-content\/uploads\/2015\/12\/pr03b081215photo01-300x188.jpg\" alt=\"Imagen: El Universo\" width=\"300\" height=\"188\" \/><\/a><p id=\"caption-attachment-170932\" class=\"wp-caption-text\">Imagen: El Universo<\/p><\/div>\n<p style=\"text-align: justify;\">El mandatario no dio fecha ni detalles del contenido, pero insisti\u00f3 en que su objetivo es generar una correcta distribuci\u00f3n de la riqueza y cortar fuentes ileg\u00edtimas de riqueza\u009d; adem\u00e1s de cortar formas generalizadas de evasi\u00f3n\u009d, como la creaci\u00f3n de fideicomisos o fundaciones en el extranjero, o el subregistro del valor de los bienes para pagar menos impuestos prediales.<\/p>\n<p style=\"text-align: justify;\">\n<p style=\"text-align: justify;\">Correa record\u00f3 que durante los di\u00e1logos nacionales impulsados primero por la Senplades y luego por el Ministerio Coordinador de Desarrollo Social se han recogido importantes sugerencias para las normas; agreg\u00f3 que le gustar\u00eda escuchar m\u00e1s opiniones de alcaldes sobre la plusval\u00eda.<\/p>\n<p style=\"text-align: justify;\">\n<p style=\"text-align: justify;\">El anuncio gener\u00f3 descontento en el sector privado. Roberto Aspiazu, director ejecutivo del Comit\u00e9 Empresarial Ecuatoriano, dice que las declaraciones los ha tomado por sorpresa\u009d. Pensamos que en este momento hay otras prioridades de gesti\u00f3n de Gobierno que estar pensando en un par de proyectos que en su momento ocasionaron una reacci\u00f3n muy dura en contra\u009d, dijo.<\/p>\n<p style=\"text-align: justify;\">\n<p style=\"text-align: justify;\">Por su parte, Francisco Alarc\u00f3n, presidente de la C\u00e1mara de Industrias de Guayaquil, expres\u00f3 que es lamentable que se vuelva a hablar de estas leyes, especialmente cuando la econom\u00eda est\u00e1 pasando por un momento dif\u00edcil\u009d. Refiri\u00f3 que en los momentos que m\u00e1s estimulada tiene que estar la producci\u00f3n se vuelve a hablar de leyes que desincentivan los motivos m\u00e1s \u00edntimos por los que se arriesga en inversiones\u009d. (I)<\/p>\n<p>Fuente: <a href=\"http:\/\/www.eluniverso.com\/noticias\/2015\/12\/08\/nota\/5286639\/dar-fecha-presidente-dijo-que-insistira-leyes\">http:\/\/www.eluniverso.com\/noticias\/2015\/12\/08\/nota\/5286639\/dar-fecha-presidente-dijo-que-insistira-leyes<\/a><\/p>\n<p>&nbsp;<\/p>\n","protected":false},"excerpt":{"rendered":"<p>&nbsp; El mandatario no dio fecha ni detalles del contenido, pero insisti\u00f3 en que su objetivo es generar una correcta distribuci\u00f3n de la riqueza y cortar fuentes ileg\u00edtimas de riqueza\u009d; adem\u00e1s de cortar formas generalizadas de evasi\u00f3n\u009d, como la creaci\u00f3n de fideicomisos o fundaciones en el extranjero, o el subregistro del valor de los bienes para pagar menos impuestos prediales. Correa record\u00f3 que durante los di\u00e1logos nacionales impulsados primero por la Senplades y luego por el Ministerio Coordinador de Desarrollo Social se han recogido importantes sugerencias para las normas; agreg\u00f3 que le gustar\u00eda escuchar m\u00e1s opiniones de alcaldes sobre la plusval\u00eda. El anuncio gener\u00f3 descontento en el sector privado. Roberto Aspiazu, director ejecutivo del Comit\u00e9 Empresarial Ecuatoriano, dice que las declaraciones los ha tomado por sorpresa\u009d. Pensamos que en este momento hay otras prioridades de gesti\u00f3n de Gobierno que estar pensando en un par de proyectos que en su momento ocasionaron una reacci\u00f3n muy dura en contra\u009d, dijo. Por su parte, Francisco Alarc\u00f3n, presidente de la C\u00e1mara de Industrias de Guayaquil, expres\u00f3 que es lamentable que se vuelva a hablar de estas leyes, especialmente cuando la econom\u00eda est\u00e1 pasando por un momento dif\u00edcil\u009d. Refiri\u00f3 que en los momentos que m\u00e1s estimulada tiene que estar la producci\u00f3n se vuelve a hablar de leyes que desincentivan los motivos m\u00e1s \u00edntimos por los que se arriesga en inversiones\u009d. (I) Fuente: http:\/\/www.eluniverso.com\/noticias\/2015\/12\/08\/nota\/5286639\/dar-fecha-presidente-dijo-que-insistira-leyes &nbsp;<\/p>\n","protected":false},"author":1,"featured_media":236612,"comment_status":"open","ping_status":"open","sticky":false,"template":"","format":"standard","meta":[],"categories":[54,40],"tags":[],"_links":{"self":[{"href":"https:\/\/www.ecuadortimes.net\/es\/wp-json\/wp\/v2\/posts\/236611"}],"collection":[{"href":"https:\/\/www.ecuadortimes.net\/es\/wp-json\/wp\/v2\/posts"}],"about":[{"href":"https:\/\/www.ecuadortimes.net\/es\/wp-json\/wp\/v2\/types\/post"}],"author":[{"embeddable":true,"href":"https:\/\/www.ecuadortimes.net\/es\/wp-json\/wp\/v2\/users\/1"}],"replies":[{"embeddable":true,"href":"https:\/\/www.ecuadortimes.net\/es\/wp-json\/wp\/v2\/comments?post=236611"}],"version-history":[{"count":0,"href":"https:\/\/www.ecuadortimes.net\/es\/wp-json\/wp\/v2\/posts\/236611\/revisions"}],"wp:featuredmedia":[{"embeddable":true,"href":"https:\/\/www.ecuadortimes.net\/es\/wp-json\/wp\/v2\/media\/236612"}],"wp:attachment":[{"href":"https:\/\/www.ecuadortimes.net\/es\/wp-json\/wp\/v2\/media?parent=236611"}],"wp:term":[{"taxonomy":"category","embeddable":true,"href":"https:\/\/www.ecuadortimes.net\/es\/wp-json\/wp\/v2\/categories?post=236611"},{"taxonomy":"post_tag","embeddable":true,"href":"https:\/\/www.ecuadortimes.net\/es\/wp-json\/wp\/v2\/tags?post=236611"}],"curies":[{"name":"wp","href":"https:\/\/api.w.org\/{rel}","templated":true}]}}