{"id":236613,"date":"2015-12-08T00:00:00","date_gmt":"2015-12-08T00:00:00","guid":{"rendered":"https:\/\/www.ecuadortimes.net\/es\/supercom-extremara-control-a-cuotas-de-difusion-de-contenido-intercultural-en-los-medios\/"},"modified":"2015-12-08T00:00:00","modified_gmt":"2015-12-08T00:00:00","slug":"supercom-extremara-control-a-cuotas-de-difusion-de-contenido-intercultural-en-los-medios","status":"publish","type":"post","link":"https:\/\/www.ecuadortimes.net\/es\/supercom-extremara-control-a-cuotas-de-difusion-de-contenido-intercultural-en-los-medios\/","title":{"rendered":"Supercom extremar\u00e1 control a cuotas de difusi\u00f3n de contenido intercultural en los medios"},"content":{"rendered":"<p>&nbsp;<\/p>\n<div id=\"attachment_170946\" style=\"width: 310px\" class=\"wp-caption aligncenter\"><a href=\"http:\/\/www.ecuadortimes.net\/es\/wp-content\/uploads\/2015\/12\/Captura-de-pantalla-2015-12-08-a-las-4.28.41-p.m..png\"><img aria-describedby=\"caption-attachment-170946\" loading=\"lazy\" class=\"size-medium wp-image-170946\" src=\"https:\/\/www.ecuadortimes.net\/es\/wp-content\/uploads\/2015\/12\/Captura-de-pantalla-2015-12-08-a-las-4.28.41-p.m.-300x173.png\" alt=\"Imagen: El Comercio\" width=\"300\" height=\"173\" \/><\/a><p id=\"caption-attachment-170946\" class=\"wp-caption-text\">Imagen: El Comercio<\/p><\/div>\n<p style=\"text-align: justify;\">Un informe de monitoreo de la Superintendencia de la Informaci\u00f3n y Comunicaci\u00f3n (Supercom) determin\u00f3 que entre 28 medios de alcance local, en provincias como Guayas y Santa Elena, existe un incumplimiento generalizado en la difusi\u00f3n del 5% de contenidos interculturales, una cuota que exige la Ley Org\u00e1nica de Comunicaci\u00f3n (LOC).<\/p>\n<p style=\"text-align: justify;\">\n<p style=\"text-align: justify;\">La Supercom present\u00f3 el pasado jueves 3 de diciembre un informe sobre medios locales de las Zonas 5 y 8, que incluye a las provincias de Gal\u00e1pagos, Los R\u00edos, Bol\u00edvar, Guayas y Santa Elena.<\/p>\n<p style=\"text-align: justify;\">\n<p>El informe, que tiene por objeto visualizar las tendencias de cumplimiento de la ley, fue presentado por Romel Jurado, director de la investigaci\u00f3n.<\/p>\n<p>&nbsp;<\/p>\n<p>El coautor de la LOC indic\u00f3 que aunque la difusi\u00f3n de contenido intercultural es m\u00e1s favorable en otras provincias, y en medios de alcance nacional, la Supercom intensificar\u00e1 los controles sobre el tema a partir de enero del 2016. (I)<\/p>\n<p>Fuente: <a href=\"http:\/\/www.elcomercio.com\/tendencias\/supercom-control-difusion-contenido-intercultural.html\">http:\/\/www.elcomercio.com\/tendencias\/supercom-control-difusion-contenido-intercultural.html<\/a><\/p>\n<p>&nbsp;<\/p>\n","protected":false},"excerpt":{"rendered":"<p>&nbsp; Un informe de monitoreo de la Superintendencia de la Informaci\u00f3n y Comunicaci\u00f3n (Supercom) determin\u00f3 que entre 28 medios de alcance local, en provincias como Guayas y Santa Elena, existe un incumplimiento generalizado en la difusi\u00f3n del 5% de contenidos interculturales, una cuota que exige la Ley Org\u00e1nica de Comunicaci\u00f3n (LOC). La Supercom present\u00f3 el pasado jueves 3 de diciembre un informe sobre medios locales de las Zonas 5 y 8, que incluye a las provincias de Gal\u00e1pagos, Los R\u00edos, Bol\u00edvar, Guayas y Santa Elena. El informe, que tiene por objeto visualizar las tendencias de cumplimiento de la ley, fue presentado por Romel Jurado, director de la investigaci\u00f3n. &nbsp; El coautor de la LOC indic\u00f3 que aunque la difusi\u00f3n de contenido intercultural es m\u00e1s favorable en otras provincias, y en medios de alcance nacional, la Supercom intensificar\u00e1 los controles sobre el tema a partir de enero del 2016. (I) Fuente: http:\/\/www.elcomercio.com\/tendencias\/supercom-control-difusion-contenido-intercultural.html &nbsp;<\/p>\n","protected":false},"author":1,"featured_media":0,"comment_status":"open","ping_status":"open","sticky":false,"template":"","format":"standard","meta":[],"categories":[35],"tags":[],"_links":{"self":[{"href":"https:\/\/www.ecuadortimes.net\/es\/wp-json\/wp\/v2\/posts\/236613"}],"collection":[{"href":"https:\/\/www.ecuadortimes.net\/es\/wp-json\/wp\/v2\/posts"}],"about":[{"href":"https:\/\/www.ecuadortimes.net\/es\/wp-json\/wp\/v2\/types\/post"}],"author":[{"embeddable":true,"href":"https:\/\/www.ecuadortimes.net\/es\/wp-json\/wp\/v2\/users\/1"}],"replies":[{"embeddable":true,"href":"https:\/\/www.ecuadortimes.net\/es\/wp-json\/wp\/v2\/comments?post=236613"}],"version-history":[{"count":0,"href":"https:\/\/www.ecuadortimes.net\/es\/wp-json\/wp\/v2\/posts\/236613\/revisions"}],"wp:attachment":[{"href":"https:\/\/www.ecuadortimes.net\/es\/wp-json\/wp\/v2\/media?parent=236613"}],"wp:term":[{"taxonomy":"category","embeddable":true,"href":"https:\/\/www.ecuadortimes.net\/es\/wp-json\/wp\/v2\/categories?post=236613"},{"taxonomy":"post_tag","embeddable":true,"href":"https:\/\/www.ecuadortimes.net\/es\/wp-json\/wp\/v2\/tags?post=236613"}],"curies":[{"name":"wp","href":"https:\/\/api.w.org\/{rel}","templated":true}]}}