{"id":236616,"date":"2015-12-09T00:00:00","date_gmt":"2015-12-09T00:00:00","guid":{"rendered":"https:\/\/www.ecuadortimes.net\/es\/contraloria-ya-no-auditara-la-gestion-de-entidades-publicas\/"},"modified":"2015-12-09T00:00:00","modified_gmt":"2015-12-09T00:00:00","slug":"contraloria-ya-no-auditara-la-gestion-de-entidades-publicas","status":"publish","type":"post","link":"https:\/\/www.ecuadortimes.net\/es\/contraloria-ya-no-auditara-la-gestion-de-entidades-publicas\/","title":{"rendered":"Contralor\u00eda ya no auditar\u00e1 la gesti\u00f3n de entidades p\u00fablicas"},"content":{"rendered":"<p>&nbsp;<\/p>\n<div id=\"attachment_170954\" style=\"width: 310px\" class=\"wp-caption aligncenter\"><a href=\"http:\/\/www.ecuadortimes.net\/es\/wp-content\/uploads\/2015\/12\/controloria-ecuadortimes-ecuadornews.jpg\"><img aria-describedby=\"caption-attachment-170954\" loading=\"lazy\" class=\"size-medium wp-image-170954\" src=\"https:\/\/www.ecuadortimes.net\/es\/wp-content\/uploads\/2015\/12\/controloria-ecuadortimes-ecuadornews-300x190.jpg\" alt=\"Imagen: El Universo\" width=\"300\" height=\"190\" \/><\/a><p id=\"caption-attachment-170954\" class=\"wp-caption-text\">Imagen: El Universo<\/p><\/div>\n<p style=\"text-align: justify;\">La enmienda que aprob\u00f3 la Asamblea a dos art\u00edculos de la Constituci\u00f3n, el 211 y el 212, rest\u00f3 a la Contralor\u00eda General del Estado la competencia para efectuar auditor\u00edas de gesti\u00f3n; es decir, aquellas que se aplican al cumplimiento de los objetivos de una instituci\u00f3n.<\/p>\n<p style=\"text-align: justify;\">\n<p style=\"text-align: justify;\">En el primer caso, el texto original de la Carta Magna se\u00f1ala que la Contralor\u00eda es el organismo encargado del control de los recursos estatales y de la consecuci\u00f3n de los objetivos de las instituciones del Estado y de las personas jur\u00eddicas de derecho privado que dispongan de recursos p\u00fablicos\u009d; la enmienda retira la frase y de la consecuci\u00f3n de los objetivos de las instituciones del Estado\u009d.<\/p>\n<p style=\"text-align: justify;\">\n<p style=\"text-align: justify;\">En el otro caso, se suprime la palabra gestiones\u009d del siguiente texto: Determinar responsabilidades administrativas y civiles culposas e indicios de responsabilidad penal relacionados con los aspectos y gestiones sujetas a su control&#8230;\u009d. (I)<\/p>\n<p style=\"text-align: justify;\">\n<p style=\"text-align: justify;\">Fuente: <a href=\"http:\/\/www.eluniverso.com\/noticias\/2015\/12\/09\/nota\/5287731\/contraloria-ya-no-auditara-gestion-entidades-publicas\">http:\/\/www.eluniverso.com\/noticias\/2015\/12\/09\/nota\/5287731\/contraloria-ya-no-auditara-gestion-entidades-publicas<\/a><\/p>\n","protected":false},"excerpt":{"rendered":"<p>&nbsp; La enmienda que aprob\u00f3 la Asamblea a dos art\u00edculos de la Constituci\u00f3n, el 211 y el 212, rest\u00f3 a la Contralor\u00eda General del Estado la competencia para efectuar auditor\u00edas de gesti\u00f3n; es decir, aquellas que se aplican al cumplimiento de los objetivos de una instituci\u00f3n. En el primer caso, el texto original de la Carta Magna se\u00f1ala que la Contralor\u00eda es el organismo encargado del control de los recursos estatales y de la consecuci\u00f3n de los objetivos de las instituciones del Estado y de las personas jur\u00eddicas de derecho privado que dispongan de recursos p\u00fablicos\u009d; la enmienda retira la frase y de la consecuci\u00f3n de los objetivos de las instituciones del Estado\u009d. En el otro caso, se suprime la palabra gestiones\u009d del siguiente texto: Determinar responsabilidades administrativas y civiles culposas e indicios de responsabilidad penal relacionados con los aspectos y gestiones sujetas a su control&#8230;\u009d. (I) Fuente: http:\/\/www.eluniverso.com\/noticias\/2015\/12\/09\/nota\/5287731\/contraloria-ya-no-auditara-gestion-entidades-publicas<\/p>\n","protected":false},"author":1,"featured_media":236617,"comment_status":"open","ping_status":"open","sticky":false,"template":"","format":"standard","meta":[],"categories":[54,40],"tags":[],"_links":{"self":[{"href":"https:\/\/www.ecuadortimes.net\/es\/wp-json\/wp\/v2\/posts\/236616"}],"collection":[{"href":"https:\/\/www.ecuadortimes.net\/es\/wp-json\/wp\/v2\/posts"}],"about":[{"href":"https:\/\/www.ecuadortimes.net\/es\/wp-json\/wp\/v2\/types\/post"}],"author":[{"embeddable":true,"href":"https:\/\/www.ecuadortimes.net\/es\/wp-json\/wp\/v2\/users\/1"}],"replies":[{"embeddable":true,"href":"https:\/\/www.ecuadortimes.net\/es\/wp-json\/wp\/v2\/comments?post=236616"}],"version-history":[{"count":0,"href":"https:\/\/www.ecuadortimes.net\/es\/wp-json\/wp\/v2\/posts\/236616\/revisions"}],"wp:featuredmedia":[{"embeddable":true,"href":"https:\/\/www.ecuadortimes.net\/es\/wp-json\/wp\/v2\/media\/236617"}],"wp:attachment":[{"href":"https:\/\/www.ecuadortimes.net\/es\/wp-json\/wp\/v2\/media?parent=236616"}],"wp:term":[{"taxonomy":"category","embeddable":true,"href":"https:\/\/www.ecuadortimes.net\/es\/wp-json\/wp\/v2\/categories?post=236616"},{"taxonomy":"post_tag","embeddable":true,"href":"https:\/\/www.ecuadortimes.net\/es\/wp-json\/wp\/v2\/tags?post=236616"}],"curies":[{"name":"wp","href":"https:\/\/api.w.org\/{rel}","templated":true}]}}