{"id":236620,"date":"2015-12-09T00:00:00","date_gmt":"2015-12-09T00:00:00","guid":{"rendered":"https:\/\/www.ecuadortimes.net\/es\/arcotel-notifico-inicio-de-reversion-de-frecuencia-de-radio-democracia-am\/"},"modified":"2015-12-09T00:00:00","modified_gmt":"2015-12-09T00:00:00","slug":"arcotel-notifico-inicio-de-reversion-de-frecuencia-de-radio-democracia-am","status":"publish","type":"post","link":"https:\/\/www.ecuadortimes.net\/es\/arcotel-notifico-inicio-de-reversion-de-frecuencia-de-radio-democracia-am\/","title":{"rendered":"Arcotel notific\u00f3 inicio de reversi\u00f3n de frecuencia de radio Democracia AM"},"content":{"rendered":"<p style=\"text-align: justify;\"><a href=\"http:\/\/www.ecuadortimes.net\/es\/wp-content\/uploads\/2015\/12\/Captura-de-pantalla-2015-12-09-a-las-10.08.15-a.m..png\"><img loading=\"lazy\" class=\"size-medium wp-image-170962 alignright\" src=\"https:\/\/www.ecuadortimes.net\/es\/wp-content\/uploads\/2015\/12\/Captura-de-pantalla-2015-12-09-a-las-10.08.15-a.m.-300x172.png\" alt=\"Captura de pantalla 2015-12-09 a las 10.08.15 a.m.\" width=\"300\" height=\"172\" \/><\/a>\u00c3\u0081lvaro Rosero, miembro de una familia de tradici\u00f3n radial y propietaria de las estaciones Exa FM y Democracia AM, difundi\u00f3 la noche de este martes 8 de diciembre del 2015 la notificaci\u00f3n que recibieron del inicio del proceso de reversi\u00f3n de la frecuencia radial de Democracia AM.<\/p>\n<p style=\"text-align: justify;\">\n<p style=\"text-align: justify;\">Adjunto a un mensaje en su cuenta de Twitter, Rosero hizo p\u00fablica la notificaci\u00f3n que su padre, Gonzalo Rosero, recibi\u00f3 de la Agencia de Regulaci\u00f3n y Control de las Telecomunicaciones (Arcotel). Esta notificaci\u00f3n tiene la firma de Catalina Viteri, secretaria encargada del organismo regulador.<\/p>\n<p>&nbsp;<\/p>\n<p>Adjunto a esta carta lleg\u00f3 hasta las oficinas de Democracia AM la Resoluci\u00f3n 0860 de Arcotel, que tiene ocho p\u00e1ginas y est\u00e1 firmada por Gonzalo Carvajal, delegado de la Direcci\u00f3n Ejecutiva de la entidad. (I)<\/p>\n<p>Fuente: <a href=\"http:\/\/www.elcomercio.com\/actualidad\/arcotel-notificacion-reversion-frecuencia-radiodemocracia.html\">http:\/\/www.elcomercio.com\/actualidad\/arcotel-notificacion-reversion-frecuencia-radiodemocracia.html<\/a><\/p>\n","protected":false},"excerpt":{"rendered":"<p>\u00c3\u0081lvaro Rosero, miembro de una familia de tradici\u00f3n radial y propietaria de las estaciones Exa FM y Democracia AM, difundi\u00f3 la noche de este martes 8 de diciembre del 2015 la notificaci\u00f3n que recibieron del inicio del proceso de reversi\u00f3n de la frecuencia radial de Democracia AM. Adjunto a un mensaje en su cuenta de Twitter, Rosero hizo p\u00fablica la notificaci\u00f3n que su padre, Gonzalo Rosero, recibi\u00f3 de la Agencia de Regulaci\u00f3n y Control de las Telecomunicaciones (Arcotel). Esta notificaci\u00f3n tiene la firma de Catalina Viteri, secretaria encargada del organismo regulador. &nbsp; Adjunto a esta carta lleg\u00f3 hasta las oficinas de Democracia AM la Resoluci\u00f3n 0860 de Arcotel, que tiene ocho p\u00e1ginas y est\u00e1 firmada por Gonzalo Carvajal, delegado de la Direcci\u00f3n Ejecutiva de la entidad. (I) Fuente: http:\/\/www.elcomercio.com\/actualidad\/arcotel-notificacion-reversion-frecuencia-radiodemocracia.html<\/p>\n","protected":false},"author":1,"featured_media":0,"comment_status":"open","ping_status":"open","sticky":false,"template":"","format":"standard","meta":[],"categories":[40],"tags":[],"_links":{"self":[{"href":"https:\/\/www.ecuadortimes.net\/es\/wp-json\/wp\/v2\/posts\/236620"}],"collection":[{"href":"https:\/\/www.ecuadortimes.net\/es\/wp-json\/wp\/v2\/posts"}],"about":[{"href":"https:\/\/www.ecuadortimes.net\/es\/wp-json\/wp\/v2\/types\/post"}],"author":[{"embeddable":true,"href":"https:\/\/www.ecuadortimes.net\/es\/wp-json\/wp\/v2\/users\/1"}],"replies":[{"embeddable":true,"href":"https:\/\/www.ecuadortimes.net\/es\/wp-json\/wp\/v2\/comments?post=236620"}],"version-history":[{"count":0,"href":"https:\/\/www.ecuadortimes.net\/es\/wp-json\/wp\/v2\/posts\/236620\/revisions"}],"wp:attachment":[{"href":"https:\/\/www.ecuadortimes.net\/es\/wp-json\/wp\/v2\/media?parent=236620"}],"wp:term":[{"taxonomy":"category","embeddable":true,"href":"https:\/\/www.ecuadortimes.net\/es\/wp-json\/wp\/v2\/categories?post=236620"},{"taxonomy":"post_tag","embeddable":true,"href":"https:\/\/www.ecuadortimes.net\/es\/wp-json\/wp\/v2\/tags?post=236620"}],"curies":[{"name":"wp","href":"https:\/\/api.w.org\/{rel}","templated":true}]}}