{"id":236621,"date":"2015-12-09T00:00:00","date_gmt":"2015-12-09T00:00:00","guid":{"rendered":"https:\/\/www.ecuadortimes.net\/es\/la-vida-de-los-alumnos-de-yachay-tech\/"},"modified":"2015-12-09T00:00:00","modified_gmt":"2015-12-09T00:00:00","slug":"la-vida-de-los-alumnos-de-yachay-tech","status":"publish","type":"post","link":"https:\/\/www.ecuadortimes.net\/es\/la-vida-de-los-alumnos-de-yachay-tech\/","title":{"rendered":"La vida de los alumnos de Yachay Tech"},"content":{"rendered":"<p>&nbsp;<\/p>\n<div id=\"attachment_170963\" style=\"width: 310px\" class=\"wp-caption aligncenter\"><a href=\"http:\/\/www.ecuadortimes.net\/es\/wp-content\/uploads\/2015\/12\/Captura-de-pantalla-2015-12-09-a-las-10.26.59-a.m..png\"><img aria-describedby=\"caption-attachment-170963\" loading=\"lazy\" class=\"size-medium wp-image-170963\" src=\"https:\/\/www.ecuadortimes.net\/es\/wp-content\/uploads\/2015\/12\/Captura-de-pantalla-2015-12-09-a-las-10.26.59-a.m.-300x182.png\" alt=\"Imagen: El Universo\" width=\"300\" height=\"182\" \/><\/a><p id=\"caption-attachment-170963\" class=\"wp-caption-text\">Imagen: El Universo<\/p><\/div>\n<p style=\"text-align: justify;\">Los j\u00f3venes que recorren los pasillo de La Ciudad del Conocimiento\u009d son los primeros residentes del  megaproyecto educativo\u009d del Gobierno Central que forma a investigadores cient\u00edficos, y que abri\u00f3 sus puertas el 31 marzo de 2014.<\/p>\n<p style=\"text-align: justify;\">\n<p style=\"text-align: justify;\">Ellos est\u00e1n en el top de los bachilleres que obtuvieron los mejores promedios en el Examen Nacional para la Educaci\u00f3n Superior (ENES).<\/p>\n<p style=\"text-align: justify;\">\n<p style=\"text-align: justify;\">En su primer a\u00f1o y medio de gesti\u00f3n, la universidad de investigaci\u00f3n de tecnolog\u00eda experimental Yachay Tech creci\u00f3 notoriamente. En infraestructura, se multiplic\u00f3 el n\u00famero de edificios, laboratorios y espacios verdes; en estudiantes, pas\u00f3 de 174 a 820; y en su planta docente se enumera a 74 acad\u00e9micos, tanto ecuatorianos como extranjeros, en relaci\u00f3n a los 52 con los que arranc\u00f3 el proyecto. Sin embargo, no todo ha sido brillante.<\/p>\n<p style=\"text-align: justify;\">\n<p style=\"text-align: justify;\">La marca Yachay se vio inmersa hace cuatro meses en una pol\u00e9mica por supuestos altos vi\u00e1ticos en beneficio de tres miembros de la Comisi\u00f3n Gestora; por costosas consultor\u00edas y controvertidos planes para redise\u00f1ar el campus. Uno de los resultados fue la salida del rector Fernando Albericio. Algunos funcionarios se niegan a hablar de estos temas. Hoy son una especie de tab\u00fa. (I)<\/p>\n<p style=\"text-align: justify;\">\n<p style=\"text-align: justify;\">Fuente: <a href=\"http:\/\/www.eluniverso.com\/noticias\/2015\/12\/09\/nota\/5287389\/alumnos-yachay-pasan-sus-dias-clases-pasillos\">http:\/\/www.eluniverso.com\/noticias\/2015\/12\/09\/nota\/5287389\/alumnos-yachay-pasan-sus-dias-clases-pasillos<\/a><\/p>\n","protected":false},"excerpt":{"rendered":"<p>&nbsp; Los j\u00f3venes que recorren los pasillo de La Ciudad del Conocimiento\u009d son los primeros residentes del megaproyecto educativo\u009d del Gobierno Central que forma a investigadores cient\u00edficos, y que abri\u00f3 sus puertas el 31 marzo de 2014. Ellos est\u00e1n en el top de los bachilleres que obtuvieron los mejores promedios en el Examen Nacional para la Educaci\u00f3n Superior (ENES). En su primer a\u00f1o y medio de gesti\u00f3n, la universidad de investigaci\u00f3n de tecnolog\u00eda experimental Yachay Tech creci\u00f3 notoriamente. En infraestructura, se multiplic\u00f3 el n\u00famero de edificios, laboratorios y espacios verdes; en estudiantes, pas\u00f3 de 174 a 820; y en su planta docente se enumera a 74 acad\u00e9micos, tanto ecuatorianos como extranjeros, en relaci\u00f3n a los 52 con los que arranc\u00f3 el proyecto. Sin embargo, no todo ha sido brillante. La marca Yachay se vio inmersa hace cuatro meses en una pol\u00e9mica por supuestos altos vi\u00e1ticos en beneficio de tres miembros de la Comisi\u00f3n Gestora; por costosas consultor\u00edas y controvertidos planes para redise\u00f1ar el campus. Uno de los resultados fue la salida del rector Fernando Albericio. Algunos funcionarios se niegan a hablar de estos temas. Hoy son una especie de tab\u00fa. (I) Fuente: http:\/\/www.eluniverso.com\/noticias\/2015\/12\/09\/nota\/5287389\/alumnos-yachay-pasan-sus-dias-clases-pasillos<\/p>\n","protected":false},"author":1,"featured_media":0,"comment_status":"open","ping_status":"open","sticky":false,"template":"","format":"standard","meta":[],"categories":[35],"tags":[],"_links":{"self":[{"href":"https:\/\/www.ecuadortimes.net\/es\/wp-json\/wp\/v2\/posts\/236621"}],"collection":[{"href":"https:\/\/www.ecuadortimes.net\/es\/wp-json\/wp\/v2\/posts"}],"about":[{"href":"https:\/\/www.ecuadortimes.net\/es\/wp-json\/wp\/v2\/types\/post"}],"author":[{"embeddable":true,"href":"https:\/\/www.ecuadortimes.net\/es\/wp-json\/wp\/v2\/users\/1"}],"replies":[{"embeddable":true,"href":"https:\/\/www.ecuadortimes.net\/es\/wp-json\/wp\/v2\/comments?post=236621"}],"version-history":[{"count":0,"href":"https:\/\/www.ecuadortimes.net\/es\/wp-json\/wp\/v2\/posts\/236621\/revisions"}],"wp:attachment":[{"href":"https:\/\/www.ecuadortimes.net\/es\/wp-json\/wp\/v2\/media?parent=236621"}],"wp:term":[{"taxonomy":"category","embeddable":true,"href":"https:\/\/www.ecuadortimes.net\/es\/wp-json\/wp\/v2\/categories?post=236621"},{"taxonomy":"post_tag","embeddable":true,"href":"https:\/\/www.ecuadortimes.net\/es\/wp-json\/wp\/v2\/tags?post=236621"}],"curies":[{"name":"wp","href":"https:\/\/api.w.org\/{rel}","templated":true}]}}