{"id":236622,"date":"2015-12-09T00:00:00","date_gmt":"2015-12-09T00:00:00","guid":{"rendered":"https:\/\/www.ecuadortimes.net\/es\/romulo-aguilar-no-acepte-que-vinicio-luna-vuelva-a-la-fef\/"},"modified":"2015-12-09T00:00:00","modified_gmt":"2015-12-09T00:00:00","slug":"romulo-aguilar-no-acepte-que-vinicio-luna-vuelva-a-la-fef","status":"publish","type":"post","link":"https:\/\/www.ecuadortimes.net\/es\/romulo-aguilar-no-acepte-que-vinicio-luna-vuelva-a-la-fef\/","title":{"rendered":"R\u00f3mulo Aguilar: &#8216;No acept\u00e9 que Vinicio Luna vuelva a la FEF&#8217;"},"content":{"rendered":"<p>&nbsp;<\/p>\n<div id=\"attachment_170972\" style=\"width: 310px\" class=\"wp-caption alignright\"><a href=\"http:\/\/www.ecuadortimes.net\/es\/wp-content\/uploads\/2015\/12\/vinicio-luna-ecuadortimes-ecuadornews.jpg\"><img aria-describedby=\"caption-attachment-170972\" loading=\"lazy\" class=\"size-medium wp-image-170972\" src=\"https:\/\/www.ecuadortimes.net\/es\/wp-content\/uploads\/2015\/12\/vinicio-luna-ecuadortimes-ecuadornews-300x284.jpg\" alt=\"Imagen: El Universo\" width=\"300\" height=\"284\" \/><\/a><p id=\"caption-attachment-170972\" class=\"wp-caption-text\">Imagen: El Universo<\/p><\/div>\n<p style=\"text-align: justify;\">R\u00f3mulo Aguilar, presidente de la Comisi\u00f3n de Arbitraje de la Federaci\u00f3n Ecuatoriana de F\u00fatbol (FEF), en entrevista para radio La Voz de Tomebamba de Cuenca, coment\u00f3 algunos temas que trataron ayer ayer en el Comit\u00e9 Ejecutivo, sin el presidente Luis Chiriboga, quien est\u00e1 suspendido de su cargo por 90 d\u00edas para ser investigado por la Fiscal\u00eda ecuatoriana.<\/p>\n<p style=\"text-align: justify;\">\n<p style=\"text-align: justify;\">&#8220;Vamos seguramente a recibir a alguna delegaci\u00f3n de los clubes que se reunieron ayer en lo que est\u00e1n solicitando que se incluya en el Congreso (enero del 2016), la Liga Profesional del F\u00fatbol, ellos saben que no nos hemos negado nunca&#8221;, dijo Aguilar.<\/p>\n<p style=\"text-align: justify;\">\n<p style=\"text-align: justify;\">El periodista le pregunt\u00f3 sobre por qu\u00e9 la Ecuatoriana de F\u00fatbol incorpor\u00f3 nuevamente a Vinicio Luna quien hace a\u00f1os fue juzgado y cumpli\u00f3 una condena por intento de tr\u00e1mite de migrantes, y que ahora vuelve a ser capturado por la Polic\u00eda Nacional para investigaciones tras un informe de la Fiscal de Estados Unidos, Loretta Lynch. (I)<\/p>\n<p style=\"text-align: justify;\">\n<p>Fuente: <a href=\"http:\/\/www.eluniverso.com\/deportes\/2015\/12\/08\/nota\/5287104\/no-acepte-que-vinicio-luna-vuelva-federacion-ecuatoriana-futbol\">http:\/\/www.eluniverso.com\/deportes\/2015\/12\/08\/nota\/5287104\/no-acepte-que-vinicio-luna-vuelva-federacion-ecuatoriana-futbol<\/a><\/p>\n","protected":false},"excerpt":{"rendered":"<p>&nbsp; R\u00f3mulo Aguilar, presidente de la Comisi\u00f3n de Arbitraje de la Federaci\u00f3n Ecuatoriana de F\u00fatbol (FEF), en entrevista para radio La Voz de Tomebamba de Cuenca, coment\u00f3 algunos temas que trataron ayer ayer en el Comit\u00e9 Ejecutivo, sin el presidente Luis Chiriboga, quien est\u00e1 suspendido de su cargo por 90 d\u00edas para ser investigado por la Fiscal\u00eda ecuatoriana. &#8220;Vamos seguramente a recibir a alguna delegaci\u00f3n de los clubes que se reunieron ayer en lo que est\u00e1n solicitando que se incluya en el Congreso (enero del 2016), la Liga Profesional del F\u00fatbol, ellos saben que no nos hemos negado nunca&#8221;, dijo Aguilar. El periodista le pregunt\u00f3 sobre por qu\u00e9 la Ecuatoriana de F\u00fatbol incorpor\u00f3 nuevamente a Vinicio Luna quien hace a\u00f1os fue juzgado y cumpli\u00f3 una condena por intento de tr\u00e1mite de migrantes, y que ahora vuelve a ser capturado por la Polic\u00eda Nacional para investigaciones tras un informe de la Fiscal de Estados Unidos, Loretta Lynch. (I) Fuente: http:\/\/www.eluniverso.com\/deportes\/2015\/12\/08\/nota\/5287104\/no-acepte-que-vinicio-luna-vuelva-federacion-ecuatoriana-futbol<\/p>\n","protected":false},"author":1,"featured_media":236623,"comment_status":"open","ping_status":"open","sticky":false,"template":"","format":"standard","meta":[],"categories":[54,38],"tags":[],"_links":{"self":[{"href":"https:\/\/www.ecuadortimes.net\/es\/wp-json\/wp\/v2\/posts\/236622"}],"collection":[{"href":"https:\/\/www.ecuadortimes.net\/es\/wp-json\/wp\/v2\/posts"}],"about":[{"href":"https:\/\/www.ecuadortimes.net\/es\/wp-json\/wp\/v2\/types\/post"}],"author":[{"embeddable":true,"href":"https:\/\/www.ecuadortimes.net\/es\/wp-json\/wp\/v2\/users\/1"}],"replies":[{"embeddable":true,"href":"https:\/\/www.ecuadortimes.net\/es\/wp-json\/wp\/v2\/comments?post=236622"}],"version-history":[{"count":0,"href":"https:\/\/www.ecuadortimes.net\/es\/wp-json\/wp\/v2\/posts\/236622\/revisions"}],"wp:featuredmedia":[{"embeddable":true,"href":"https:\/\/www.ecuadortimes.net\/es\/wp-json\/wp\/v2\/media\/236623"}],"wp:attachment":[{"href":"https:\/\/www.ecuadortimes.net\/es\/wp-json\/wp\/v2\/media?parent=236622"}],"wp:term":[{"taxonomy":"category","embeddable":true,"href":"https:\/\/www.ecuadortimes.net\/es\/wp-json\/wp\/v2\/categories?post=236622"},{"taxonomy":"post_tag","embeddable":true,"href":"https:\/\/www.ecuadortimes.net\/es\/wp-json\/wp\/v2\/tags?post=236622"}],"curies":[{"name":"wp","href":"https:\/\/api.w.org\/{rel}","templated":true}]}}