{"id":236625,"date":"2015-12-09T00:00:00","date_gmt":"2015-12-09T00:00:00","guid":{"rendered":"https:\/\/www.ecuadortimes.net\/es\/marissa-sanchez-desconocia-de-los-contratos\/"},"modified":"2015-12-09T00:00:00","modified_gmt":"2015-12-09T00:00:00","slug":"marissa-sanchez-desconocia-de-los-contratos","status":"publish","type":"post","link":"https:\/\/www.ecuadortimes.net\/es\/marissa-sanchez-desconocia-de-los-contratos\/","title":{"rendered":"Marissa S\u00e1nchez desconoc\u00eda de los contratos"},"content":{"rendered":"<p><a href=\"http:\/\/www.ecuadortimes.net\/es\/wp-content\/uploads\/2015\/12\/Captura-de-pantalla-2015-12-09-a-las-3.34.45-p.m..png\"><img loading=\"lazy\" class=\"size-medium wp-image-170981 aligncenter\" src=\"https:\/\/www.ecuadortimes.net\/es\/wp-content\/uploads\/2015\/12\/Captura-de-pantalla-2015-12-09-a-las-3.34.45-p.m.-300x155.png\" alt=\"Captura de pantalla 2015-12-09 a las 3.34.45 p.m.\" width=\"300\" height=\"155\" \/><\/a><\/p>\n<p>&nbsp;<\/p>\n<p>En una entrevista con diario El Universo, v\u00eda correo electr\u00f3nico, la presentadora de televisi\u00f3n Marissa S\u00e1nchez acept\u00f3 que consta como socia de la compa\u00f1\u00eda ActivaTv Cia. Ltda. -contratada en febrero por $ 250.950 para producir reportajes tem\u00e1ticos de la Secretar\u00eda del Buen Vivir-, seg\u00fan afirm\u00f3 ella, porque hasta la fecha no se ha realizado una junta general de socios que autorice la cesi\u00f3n de su participaci\u00f3n en la compa\u00f1\u00eda (33 % de acciones).<\/p>\n<p>&nbsp;<\/p>\n<p>A trav\u00e9s de las redes sociales, S\u00e1nchez critic\u00f3 el jueves pasado una publicaci\u00f3n de diario El Universo titulada &#8220;Compa\u00f1\u00eda de Marissa S\u00e1nchez elegida para contratos en Secretar\u00eda de Freddy Elhers&#8221;, y arremeti\u00f3 contra los periodistas de este medio a quienes calific\u00f3 de &#8220;vagos&#8221; e &#8220;incompetentes&#8221;. Tambi\u00e9n escribi\u00f3 en su cuenta de Twitter que ese d\u00eda enviar\u00eda un pedido de rectificaci\u00f3n, que El Universo no ha recibido.<\/p>\n<p>&nbsp;<\/p>\n<p>La nota publicada por El Universo est\u00e1 sustentada en documentos p\u00fablicos de la Superintendencia de Compa\u00f1\u00edas, del Servicio de Contrataci\u00f3n P\u00fablica y de la Contralor\u00eda General del Estado. En los archivos de El Universo constan verificaciones hechas con quienes lideran actualmente Activa Tv, empresa en la que Marissa S\u00e1nchez sigue constando en su accionariado; ella presenta una queja a la Superintendencia de Compa\u00f1\u00edas que data de hace solo 4 meses, aproximadamente, pese a que los contratos con el Estado se han firmado desde a\u00f1os anteriores.(I)<\/p>\n<p>&nbsp;<\/p>\n<p>Fuente: <a href=\"http:\/\/www.eluniverso.com\/noticias\/2015\/12\/08\/nota\/5287458\/marissa-sanchez-yo-no-he-tenido-conocimiento-contratos\">http:\/\/www.eluniverso.com\/noticias\/2015\/12\/08\/nota\/5287458\/marissa-sanchez-yo-no-he-tenido-conocimiento-contratos<\/a><\/p>\n<p>&nbsp;<\/p>\n","protected":false},"excerpt":{"rendered":"<p>&nbsp; En una entrevista con diario El Universo, v\u00eda correo electr\u00f3nico, la presentadora de televisi\u00f3n Marissa S\u00e1nchez acept\u00f3 que consta como socia de la compa\u00f1\u00eda ActivaTv Cia. Ltda. -contratada en febrero por $ 250.950 para producir reportajes tem\u00e1ticos de la Secretar\u00eda del Buen Vivir-, seg\u00fan afirm\u00f3 ella, porque hasta la fecha no se ha realizado una junta general de socios que autorice la cesi\u00f3n de su participaci\u00f3n en la compa\u00f1\u00eda (33 % de acciones). &nbsp; A trav\u00e9s de las redes sociales, S\u00e1nchez critic\u00f3 el jueves pasado una publicaci\u00f3n de diario El Universo titulada &#8220;Compa\u00f1\u00eda de Marissa S\u00e1nchez elegida para contratos en Secretar\u00eda de Freddy Elhers&#8221;, y arremeti\u00f3 contra los periodistas de este medio a quienes calific\u00f3 de &#8220;vagos&#8221; e &#8220;incompetentes&#8221;. Tambi\u00e9n escribi\u00f3 en su cuenta de Twitter que ese d\u00eda enviar\u00eda un pedido de rectificaci\u00f3n, que El Universo no ha recibido. &nbsp; La nota publicada por El Universo est\u00e1 sustentada en documentos p\u00fablicos de la Superintendencia de Compa\u00f1\u00edas, del Servicio de Contrataci\u00f3n P\u00fablica y de la Contralor\u00eda General del Estado. En los archivos de El Universo constan verificaciones hechas con quienes lideran actualmente Activa Tv, empresa en la que Marissa S\u00e1nchez sigue constando en su accionariado; ella presenta una queja a la Superintendencia de Compa\u00f1\u00edas que data de hace solo 4 meses, aproximadamente, pese a que los contratos con el Estado se han firmado desde a\u00f1os anteriores.(I) &nbsp; Fuente: http:\/\/www.eluniverso.com\/noticias\/2015\/12\/08\/nota\/5287458\/marissa-sanchez-yo-no-he-tenido-conocimiento-contratos &nbsp;<\/p>\n","protected":false},"author":1,"featured_media":0,"comment_status":"open","ping_status":"open","sticky":false,"template":"","format":"standard","meta":[],"categories":[54,40],"tags":[],"_links":{"self":[{"href":"https:\/\/www.ecuadortimes.net\/es\/wp-json\/wp\/v2\/posts\/236625"}],"collection":[{"href":"https:\/\/www.ecuadortimes.net\/es\/wp-json\/wp\/v2\/posts"}],"about":[{"href":"https:\/\/www.ecuadortimes.net\/es\/wp-json\/wp\/v2\/types\/post"}],"author":[{"embeddable":true,"href":"https:\/\/www.ecuadortimes.net\/es\/wp-json\/wp\/v2\/users\/1"}],"replies":[{"embeddable":true,"href":"https:\/\/www.ecuadortimes.net\/es\/wp-json\/wp\/v2\/comments?post=236625"}],"version-history":[{"count":0,"href":"https:\/\/www.ecuadortimes.net\/es\/wp-json\/wp\/v2\/posts\/236625\/revisions"}],"wp:attachment":[{"href":"https:\/\/www.ecuadortimes.net\/es\/wp-json\/wp\/v2\/media?parent=236625"}],"wp:term":[{"taxonomy":"category","embeddable":true,"href":"https:\/\/www.ecuadortimes.net\/es\/wp-json\/wp\/v2\/categories?post=236625"},{"taxonomy":"post_tag","embeddable":true,"href":"https:\/\/www.ecuadortimes.net\/es\/wp-json\/wp\/v2\/tags?post=236625"}],"curies":[{"name":"wp","href":"https:\/\/api.w.org\/{rel}","templated":true}]}}