{"id":236630,"date":"2015-12-10T00:00:00","date_gmt":"2015-12-10T00:00:00","guid":{"rendered":"https:\/\/www.ecuadortimes.net\/es\/ecuador-estuvo-mas-de-24-horas-sin-sus-mandatarios-por-viajes-al-exterior\/"},"modified":"2015-12-10T00:00:00","modified_gmt":"2015-12-10T00:00:00","slug":"ecuador-estuvo-mas-de-24-horas-sin-sus-mandatarios-por-viajes-al-exterior","status":"publish","type":"post","link":"https:\/\/www.ecuadortimes.net\/es\/ecuador-estuvo-mas-de-24-horas-sin-sus-mandatarios-por-viajes-al-exterior\/","title":{"rendered":"Ecuador estuvo m\u00e1s de 24 horas sin sus mandatarios por viajes al exterior"},"content":{"rendered":"<div id=\"attachment_170999\" style=\"width: 310px\" class=\"wp-caption aligncenter\"><a href=\"http:\/\/www.ecuadortimes.net\/es\/wp-content\/uploads\/2015\/12\/Captura-de-pantalla-2015-12-10-a-las-9.06.13-a.m..png\"><img aria-describedby=\"caption-attachment-170999\" loading=\"lazy\" class=\"size-medium wp-image-170999\" src=\"https:\/\/www.ecuadortimes.net\/es\/wp-content\/uploads\/2015\/12\/Captura-de-pantalla-2015-12-10-a-las-9.06.13-a.m.-300x187.png\" alt=\"Imagen: EL Universo\" width=\"300\" height=\"187\" \/><\/a><p id=\"caption-attachment-170999\" class=\"wp-caption-text\">Imagen: EL Universo<\/p><\/div>\n<p style=\"text-align: justify;\">El presidente y vicepresidente de la Rep\u00fablica, Rafael Correa y Jorge Glas, permanecieron fuera del pa\u00eds, al mismo tiempo, durante m\u00e1s de 24 horas.<\/p>\n<p>La ausencia podr\u00eda superar las 30 horas, pues Glas prev\u00e9 regresar este mediod\u00eda de un viaje de tres d\u00edas a la China y Correa parti\u00f3 rumbo a Argentina la noche del pasado martes.<\/p>\n<p>El primer mandatario atendi\u00f3 ayer a una ceremonia acad\u00e9mica para recibir su d\u00e9cimo tercer doctor honoris causa.<\/p>\n<p>La Universidad Nacional de C\u00f3rdoba, en la ciudad del mismo nombre, le confiri\u00f3 el t\u00edtulo por su concepci\u00f3n humanista de la econom\u00eda\u009d y haber \u0098fortalecido\u0099 las pol\u00edticas p\u00fablicas de educaci\u00f3n en Ecuador, destac\u00f3 el rector, Francisco Tamarit.<\/p>\n<p>El presidente Correa agradeci\u00f3 el reconocimiento, y dijo que lo aceptaba a nombre del pueblo ecuatoriano.<\/p>\n<p>En tanto, el segundo mandatario finaliz\u00f3 ayer su visita a Pek\u00edn, China, con reuniones bancarias y pol\u00edticas.<\/p>\n<p>Seg\u00fan un bolet\u00edn de la Vicepresidencia, Glas convers\u00f3 con los presidentes de los bancos de Desarrollo, e Industrial y Comercial de ese pa\u00eds. Este \u00faltimo es el m\u00e1s grande del mundo\u009d, seg\u00fan la fuente. (I)<\/p>\n<p>Fuente: http:\/\/www.eluniverso.com\/noticias\/2015\/12\/10\/nota\/5289312\/pais-estuvo-mas-24-horas-sus-mandatarios-viajes-exterior<\/p>\n","protected":false},"excerpt":{"rendered":"<p>El presidente y vicepresidente de la Rep\u00fablica, Rafael Correa y Jorge Glas, permanecieron fuera del pa\u00eds, al mismo tiempo, durante m\u00e1s de 24 horas. La ausencia podr\u00eda superar las 30 horas, pues Glas prev\u00e9 regresar este mediod\u00eda de un viaje de tres d\u00edas a la China y Correa parti\u00f3 rumbo a Argentina la noche del pasado martes. El primer mandatario atendi\u00f3 ayer a una ceremonia acad\u00e9mica para recibir su d\u00e9cimo tercer doctor honoris causa. La Universidad Nacional de C\u00f3rdoba, en la ciudad del mismo nombre, le confiri\u00f3 el t\u00edtulo por su concepci\u00f3n humanista de la econom\u00eda\u009d y haber \u0098fortalecido\u0099 las pol\u00edticas p\u00fablicas de educaci\u00f3n en Ecuador, destac\u00f3 el rector, Francisco Tamarit. El presidente Correa agradeci\u00f3 el reconocimiento, y dijo que lo aceptaba a nombre del pueblo ecuatoriano. En tanto, el segundo mandatario finaliz\u00f3 ayer su visita a Pek\u00edn, China, con reuniones bancarias y pol\u00edticas. Seg\u00fan un bolet\u00edn de la Vicepresidencia, Glas convers\u00f3 con los presidentes de los bancos de Desarrollo, e Industrial y Comercial de ese pa\u00eds. Este \u00faltimo es el m\u00e1s grande del mundo\u009d, seg\u00fan la fuente. (I) Fuente: http:\/\/www.eluniverso.com\/noticias\/2015\/12\/10\/nota\/5289312\/pais-estuvo-mas-24-horas-sus-mandatarios-viajes-exterior<\/p>\n","protected":false},"author":1,"featured_media":0,"comment_status":"open","ping_status":"open","sticky":false,"template":"","format":"standard","meta":[],"categories":[54,40],"tags":[],"_links":{"self":[{"href":"https:\/\/www.ecuadortimes.net\/es\/wp-json\/wp\/v2\/posts\/236630"}],"collection":[{"href":"https:\/\/www.ecuadortimes.net\/es\/wp-json\/wp\/v2\/posts"}],"about":[{"href":"https:\/\/www.ecuadortimes.net\/es\/wp-json\/wp\/v2\/types\/post"}],"author":[{"embeddable":true,"href":"https:\/\/www.ecuadortimes.net\/es\/wp-json\/wp\/v2\/users\/1"}],"replies":[{"embeddable":true,"href":"https:\/\/www.ecuadortimes.net\/es\/wp-json\/wp\/v2\/comments?post=236630"}],"version-history":[{"count":0,"href":"https:\/\/www.ecuadortimes.net\/es\/wp-json\/wp\/v2\/posts\/236630\/revisions"}],"wp:attachment":[{"href":"https:\/\/www.ecuadortimes.net\/es\/wp-json\/wp\/v2\/media?parent=236630"}],"wp:term":[{"taxonomy":"category","embeddable":true,"href":"https:\/\/www.ecuadortimes.net\/es\/wp-json\/wp\/v2\/categories?post=236630"},{"taxonomy":"post_tag","embeddable":true,"href":"https:\/\/www.ecuadortimes.net\/es\/wp-json\/wp\/v2\/tags?post=236630"}],"curies":[{"name":"wp","href":"https:\/\/api.w.org\/{rel}","templated":true}]}}