{"id":236634,"date":"2015-12-10T00:00:00","date_gmt":"2015-12-10T00:00:00","guid":{"rendered":"https:\/\/www.ecuadortimes.net\/es\/baja-de-ingresos-afecta-la-tv-ecuatoriana\/"},"modified":"2015-12-10T00:00:00","modified_gmt":"2015-12-10T00:00:00","slug":"baja-de-ingresos-afecta-la-tv-ecuatoriana","status":"publish","type":"post","link":"https:\/\/www.ecuadortimes.net\/es\/baja-de-ingresos-afecta-la-tv-ecuatoriana\/","title":{"rendered":"Baja de ingresos afecta la TV ecuatoriana"},"content":{"rendered":"<p>&nbsp;<\/p>\n<div id=\"attachment_171016\" style=\"width: 310px\" class=\"wp-caption aligncenter\"><a href=\"http:\/\/www.ecuadortimes.net\/es\/wp-content\/uploads\/2015\/12\/Captura-de-pantalla-2015-12-10-a-las-12.00.56-p.m..png\"><img aria-describedby=\"caption-attachment-171016\" loading=\"lazy\" class=\"size-medium wp-image-171016\" src=\"https:\/\/www.ecuadortimes.net\/es\/wp-content\/uploads\/2015\/12\/Captura-de-pantalla-2015-12-10-a-las-12.00.56-p.m.-300x221.png\" alt=\"Imagen: El Universo\" width=\"300\" height=\"221\" \/><\/a><p id=\"caption-attachment-171016\" class=\"wp-caption-text\">Imagen: El Universo<\/p><\/div>\n<p>La desaceleraci\u00f3n econ\u00f3mica del pa\u00eds amenaza el crecimiento de la producci\u00f3n nacional, que en los \u00faltimos a\u00f1os ha mantenido en pantalla programas como Combate, Ecuador Tiene Talento o En carne propia. El presidente de la Asociaci\u00f3n de Canales Privados de Televisi\u00f3n, Carlos Coello, advierte que la elaboraci\u00f3n de este tipo de contenidos podr\u00eda afectarse ante la reducci\u00f3n de ingresos por publicidad. La Ley de Comunicaci\u00f3n, no obstante, exige que un 60% de lo que se difunde sea producido localmente.<\/p>\n<p>&nbsp;<\/p>\n<p>El mes pasado representantes de varios medios de comunicaci\u00f3n analizaron la situaci\u00f3n que Coello no llama crisis sino desaceleraci\u00f3n, para lo cual cita datos de ingresos por publicidad que registran los canales miembros de la Asociaci\u00f3n.<\/p>\n<p>&nbsp;<\/p>\n<p>En 2013, este sector percibi\u00f3 ventas por 220 millones de d\u00f3lares. En el 2014, $ 211 millones. Y, en el 2015 estima que cerrar\u00edan con $ 190 millones.<\/p>\n<p>&nbsp;<\/p>\n<p>La gerente de programaci\u00f3n de Ecuavisa, Karina Medina, al ser consultada por diario El Universo, reconoci\u00f3 que la situaci\u00f3n econ\u00f3mica afecta a todos los sectores, pero aclara que en el caso de la televisora se privilegiar\u00e1 la producci\u00f3n local. Nos enfocaremos en desarrollar contenidos de entretenimiento familiar que satisfagan a nuestra audiencia\u009d, a\u00f1ade. (I)<\/p>\n<p>Fuente: <a href=\"http:\/\/www.eluniverso.com\/vida-estilo\/2015\/12\/09\/nota\/5287425\/baja-ingresos-afecta-tv-local\">http:\/\/www.eluniverso.com\/vida-estilo\/2015\/12\/09\/nota\/5287425\/baja-ingresos-afecta-tv-local<\/a><\/p>\n<p>&nbsp;<\/p>\n","protected":false},"excerpt":{"rendered":"<p>&nbsp; La desaceleraci\u00f3n econ\u00f3mica del pa\u00eds amenaza el crecimiento de la producci\u00f3n nacional, que en los \u00faltimos a\u00f1os ha mantenido en pantalla programas como Combate, Ecuador Tiene Talento o En carne propia. El presidente de la Asociaci\u00f3n de Canales Privados de Televisi\u00f3n, Carlos Coello, advierte que la elaboraci\u00f3n de este tipo de contenidos podr\u00eda afectarse ante la reducci\u00f3n de ingresos por publicidad. La Ley de Comunicaci\u00f3n, no obstante, exige que un 60% de lo que se difunde sea producido localmente. &nbsp; El mes pasado representantes de varios medios de comunicaci\u00f3n analizaron la situaci\u00f3n que Coello no llama crisis sino desaceleraci\u00f3n, para lo cual cita datos de ingresos por publicidad que registran los canales miembros de la Asociaci\u00f3n. &nbsp; En 2013, este sector percibi\u00f3 ventas por 220 millones de d\u00f3lares. En el 2014, $ 211 millones. Y, en el 2015 estima que cerrar\u00edan con $ 190 millones. &nbsp; La gerente de programaci\u00f3n de Ecuavisa, Karina Medina, al ser consultada por diario El Universo, reconoci\u00f3 que la situaci\u00f3n econ\u00f3mica afecta a todos los sectores, pero aclara que en el caso de la televisora se privilegiar\u00e1 la producci\u00f3n local. Nos enfocaremos en desarrollar contenidos de entretenimiento familiar que satisfagan a nuestra audiencia\u009d, a\u00f1ade. (I) Fuente: http:\/\/www.eluniverso.com\/vida-estilo\/2015\/12\/09\/nota\/5287425\/baja-ingresos-afecta-tv-local &nbsp;<\/p>\n","protected":false},"author":1,"featured_media":0,"comment_status":"open","ping_status":"open","sticky":false,"template":"","format":"standard","meta":[],"categories":[54,42],"tags":[],"_links":{"self":[{"href":"https:\/\/www.ecuadortimes.net\/es\/wp-json\/wp\/v2\/posts\/236634"}],"collection":[{"href":"https:\/\/www.ecuadortimes.net\/es\/wp-json\/wp\/v2\/posts"}],"about":[{"href":"https:\/\/www.ecuadortimes.net\/es\/wp-json\/wp\/v2\/types\/post"}],"author":[{"embeddable":true,"href":"https:\/\/www.ecuadortimes.net\/es\/wp-json\/wp\/v2\/users\/1"}],"replies":[{"embeddable":true,"href":"https:\/\/www.ecuadortimes.net\/es\/wp-json\/wp\/v2\/comments?post=236634"}],"version-history":[{"count":0,"href":"https:\/\/www.ecuadortimes.net\/es\/wp-json\/wp\/v2\/posts\/236634\/revisions"}],"wp:attachment":[{"href":"https:\/\/www.ecuadortimes.net\/es\/wp-json\/wp\/v2\/media?parent=236634"}],"wp:term":[{"taxonomy":"category","embeddable":true,"href":"https:\/\/www.ecuadortimes.net\/es\/wp-json\/wp\/v2\/categories?post=236634"},{"taxonomy":"post_tag","embeddable":true,"href":"https:\/\/www.ecuadortimes.net\/es\/wp-json\/wp\/v2\/tags?post=236634"}],"curies":[{"name":"wp","href":"https:\/\/api.w.org\/{rel}","templated":true}]}}