{"id":236641,"date":"2015-12-10T00:00:00","date_gmt":"2015-12-10T00:00:00","guid":{"rendered":"https:\/\/www.ecuadortimes.net\/es\/cinco-demandas-contra-las-enmiendas-estan-preparadas\/"},"modified":"2015-12-10T00:00:00","modified_gmt":"2015-12-10T00:00:00","slug":"cinco-demandas-contra-las-enmiendas-estan-preparadas","status":"publish","type":"post","link":"https:\/\/www.ecuadortimes.net\/es\/cinco-demandas-contra-las-enmiendas-estan-preparadas\/","title":{"rendered":"Cinco demandas contra las enmiendas est\u00e1n preparadas"},"content":{"rendered":"<p>&nbsp;<\/p>\n<p>&nbsp;<\/p>\n<p>Cinco ser\u00edan las demandas de inconstitucionalidad y dos pedidos de consulta popular para echar abajo las enmiendas a la Constituci\u00f3n, aprobadas por la Asamblea.<\/p>\n<p>&nbsp;<\/p>\n<p>Toda la presi\u00f3n ir\u00e1 a la Corte Constitucional. Marcelo Larrea, del movimiento Democracia S\u00ed, fue ayer a exigir respuestas: ellos presentaron, hace ocho meses, un pedido de consulta popular. El organismo todav\u00eda no ha emitido el dictamen previo de constitucionalidad de sus siete preguntas.<\/p>\n<p>&nbsp;<\/p>\n<p>Seg\u00fan Larrea, en ese proceso los ecuatorianos podr\u00e1n decidir si se mantienen o no las reformas constitucionales.<\/p>\n<p>&nbsp;<\/p>\n<p>Pero no ser\u00e1n los \u00fanicos. Al menos cinco sectores pol\u00edticos y laborales ya trabajan en sus demandas. Algunas ser\u00e1n en contra de todo el paquete; y otras contra enmiendas espec\u00edficas. (I)<\/p>\n<p>&nbsp;<\/p>\n<p>Fuente: <a href=\"http:\/\/expreso.ec\/expreso\/plantillas\/nota.aspx?idart=8731251&amp;idcat=38269&amp;tipo=2\">http:\/\/expreso.ec\/expreso\/plantillas\/nota.aspx?idart=8731251&amp;idcat=38269&amp;tipo=2<\/a><\/p>\n","protected":false},"excerpt":{"rendered":"<p>&nbsp; &nbsp; Cinco ser\u00edan las demandas de inconstitucionalidad y dos pedidos de consulta popular para echar abajo las enmiendas a la Constituci\u00f3n, aprobadas por la Asamblea. &nbsp; Toda la presi\u00f3n ir\u00e1 a la Corte Constitucional. Marcelo Larrea, del movimiento Democracia S\u00ed, fue ayer a exigir respuestas: ellos presentaron, hace ocho meses, un pedido de consulta popular. El organismo todav\u00eda no ha emitido el dictamen previo de constitucionalidad de sus siete preguntas. &nbsp; Seg\u00fan Larrea, en ese proceso los ecuatorianos podr\u00e1n decidir si se mantienen o no las reformas constitucionales. &nbsp; Pero no ser\u00e1n los \u00fanicos. Al menos cinco sectores pol\u00edticos y laborales ya trabajan en sus demandas. Algunas ser\u00e1n en contra de todo el paquete; y otras contra enmiendas espec\u00edficas. (I) &nbsp; Fuente: http:\/\/expreso.ec\/expreso\/plantillas\/nota.aspx?idart=8731251&amp;idcat=38269&amp;tipo=2<\/p>\n","protected":false},"author":1,"featured_media":236642,"comment_status":"open","ping_status":"open","sticky":false,"template":"","format":"standard","meta":[],"categories":[54,40],"tags":[],"_links":{"self":[{"href":"https:\/\/www.ecuadortimes.net\/es\/wp-json\/wp\/v2\/posts\/236641"}],"collection":[{"href":"https:\/\/www.ecuadortimes.net\/es\/wp-json\/wp\/v2\/posts"}],"about":[{"href":"https:\/\/www.ecuadortimes.net\/es\/wp-json\/wp\/v2\/types\/post"}],"author":[{"embeddable":true,"href":"https:\/\/www.ecuadortimes.net\/es\/wp-json\/wp\/v2\/users\/1"}],"replies":[{"embeddable":true,"href":"https:\/\/www.ecuadortimes.net\/es\/wp-json\/wp\/v2\/comments?post=236641"}],"version-history":[{"count":0,"href":"https:\/\/www.ecuadortimes.net\/es\/wp-json\/wp\/v2\/posts\/236641\/revisions"}],"wp:featuredmedia":[{"embeddable":true,"href":"https:\/\/www.ecuadortimes.net\/es\/wp-json\/wp\/v2\/media\/236642"}],"wp:attachment":[{"href":"https:\/\/www.ecuadortimes.net\/es\/wp-json\/wp\/v2\/media?parent=236641"}],"wp:term":[{"taxonomy":"category","embeddable":true,"href":"https:\/\/www.ecuadortimes.net\/es\/wp-json\/wp\/v2\/categories?post=236641"},{"taxonomy":"post_tag","embeddable":true,"href":"https:\/\/www.ecuadortimes.net\/es\/wp-json\/wp\/v2\/tags?post=236641"}],"curies":[{"name":"wp","href":"https:\/\/api.w.org\/{rel}","templated":true}]}}