{"id":236645,"date":"2015-12-11T00:00:00","date_gmt":"2015-12-11T00:00:00","guid":{"rendered":"https:\/\/www.ecuadortimes.net\/es\/familiares-de-los-21-detenidos-acordaron-reunirse-el-18-de-diciembre\/"},"modified":"2015-12-11T00:00:00","modified_gmt":"2015-12-11T00:00:00","slug":"familiares-de-los-21-detenidos-acordaron-reunirse-el-18-de-diciembre","status":"publish","type":"post","link":"https:\/\/www.ecuadortimes.net\/es\/familiares-de-los-21-detenidos-acordaron-reunirse-el-18-de-diciembre\/","title":{"rendered":"Familiares de los 21 detenidos acordaron reunirse el 18 de diciembre"},"content":{"rendered":"<p>&nbsp;<\/p>\n<p>&nbsp;<\/p>\n<div id=\"attachment_171048\" style=\"width: 310px\" class=\"wp-caption aligncenter\"><a href=\"http:\/\/www.ecuadortimes.net\/es\/wp-content\/uploads\/2015\/12\/detenidos-ecuadortimes-ecuadornews.jpg\"><img aria-describedby=\"caption-attachment-171048\" loading=\"lazy\" class=\"size-medium wp-image-171048\" src=\"https:\/\/www.ecuadortimes.net\/es\/wp-content\/uploads\/2015\/12\/detenidos-ecuadortimes-ecuadornews-300x169.jpg\" alt=\"Imagen: El Universo\" width=\"300\" height=\"169\" \/><\/a><p id=\"caption-attachment-171048\" class=\"wp-caption-text\">Imagen: El Universo<\/p><\/div>\n<p>Familiares y amigos de los 21 detenidos en las protestas en contra de las enmiendas constitucionales, el pasado 3 de diciembre, se reunieron la tarde de este jueves en el Parque El Arbolito, en el norte de Quito.<\/p>\n<p>&nbsp;<\/p>\n<p>El objetivo de la reuni\u00f3n fue definir nuevas acciones tras la decisi\u00f3n de la Sala Laboral de la Corte de Justicia de Pichincha de negar el pedido de h\u00e1beas corpus.<\/p>\n<p>&nbsp;<\/p>\n<p>Allegados de los detenidos conversaron sobre la posibilidad de que luego de que cumplan los 15 d\u00edas de prisi\u00f3n, ellos sean recibidos con una ceremonia especial la pr\u00f3xima semana, en el mismo parque, lugar en el que fueron capturados.<\/p>\n<p>Acordaron reunirse el pr\u00f3ximo viernes 18 de diciembre, en horas de la ma\u00f1ana, en la Unidad de Flagrancias, para obtener las \u00f3rdenes de liberaci\u00f3n.<\/p>\n<p>&nbsp;<\/p>\n<p>Se propuso, adem\u00e1s, la realizaci\u00f3n de una vigilia en los centros de detenci\u00f3n en los que se encuentran los 21 privados de libertad.<\/p>\n<p>&nbsp;<\/p>\n<p>La vigilia ser\u00e1 este s\u00e1bado, en Chillogallo, al sur de la ciudad, en el Centro de Acogida donde est\u00e1 la \u00fanica mujer detenida; y el mi\u00e9rcoles, en el Centro de Detenci\u00f3n Provisional de El Inca, al norte de la urbe. (I)<\/p>\n<p>&nbsp;<\/p>\n<p>Fuente: <a href=\"http:\/\/www.eluniverso.com\/noticias\/2015\/12\/10\/nota\/5290374\/audiencia-habeas-corpus-21-detenidos-se-reliza-bajo-resguardo\">http:\/\/www.eluniverso.com\/noticias\/2015\/12\/10\/nota\/5290374\/audiencia-habeas-corpus-21-detenidos-se-reliza-bajo-resguardo<\/a><\/p>\n","protected":false},"excerpt":{"rendered":"<p>&nbsp; &nbsp; Familiares y amigos de los 21 detenidos en las protestas en contra de las enmiendas constitucionales, el pasado 3 de diciembre, se reunieron la tarde de este jueves en el Parque El Arbolito, en el norte de Quito. &nbsp; El objetivo de la reuni\u00f3n fue definir nuevas acciones tras la decisi\u00f3n de la Sala Laboral de la Corte de Justicia de Pichincha de negar el pedido de h\u00e1beas corpus. &nbsp; Allegados de los detenidos conversaron sobre la posibilidad de que luego de que cumplan los 15 d\u00edas de prisi\u00f3n, ellos sean recibidos con una ceremonia especial la pr\u00f3xima semana, en el mismo parque, lugar en el que fueron capturados. Acordaron reunirse el pr\u00f3ximo viernes 18 de diciembre, en horas de la ma\u00f1ana, en la Unidad de Flagrancias, para obtener las \u00f3rdenes de liberaci\u00f3n. &nbsp; Se propuso, adem\u00e1s, la realizaci\u00f3n de una vigilia en los centros de detenci\u00f3n en los que se encuentran los 21 privados de libertad. &nbsp; La vigilia ser\u00e1 este s\u00e1bado, en Chillogallo, al sur de la ciudad, en el Centro de Acogida donde est\u00e1 la \u00fanica mujer detenida; y el mi\u00e9rcoles, en el Centro de Detenci\u00f3n Provisional de El Inca, al norte de la urbe. (I) &nbsp; Fuente: http:\/\/www.eluniverso.com\/noticias\/2015\/12\/10\/nota\/5290374\/audiencia-habeas-corpus-21-detenidos-se-reliza-bajo-resguardo<\/p>\n","protected":false},"author":1,"featured_media":236646,"comment_status":"open","ping_status":"open","sticky":false,"template":"","format":"standard","meta":[],"categories":[54,40],"tags":[],"_links":{"self":[{"href":"https:\/\/www.ecuadortimes.net\/es\/wp-json\/wp\/v2\/posts\/236645"}],"collection":[{"href":"https:\/\/www.ecuadortimes.net\/es\/wp-json\/wp\/v2\/posts"}],"about":[{"href":"https:\/\/www.ecuadortimes.net\/es\/wp-json\/wp\/v2\/types\/post"}],"author":[{"embeddable":true,"href":"https:\/\/www.ecuadortimes.net\/es\/wp-json\/wp\/v2\/users\/1"}],"replies":[{"embeddable":true,"href":"https:\/\/www.ecuadortimes.net\/es\/wp-json\/wp\/v2\/comments?post=236645"}],"version-history":[{"count":0,"href":"https:\/\/www.ecuadortimes.net\/es\/wp-json\/wp\/v2\/posts\/236645\/revisions"}],"wp:featuredmedia":[{"embeddable":true,"href":"https:\/\/www.ecuadortimes.net\/es\/wp-json\/wp\/v2\/media\/236646"}],"wp:attachment":[{"href":"https:\/\/www.ecuadortimes.net\/es\/wp-json\/wp\/v2\/media?parent=236645"}],"wp:term":[{"taxonomy":"category","embeddable":true,"href":"https:\/\/www.ecuadortimes.net\/es\/wp-json\/wp\/v2\/categories?post=236645"},{"taxonomy":"post_tag","embeddable":true,"href":"https:\/\/www.ecuadortimes.net\/es\/wp-json\/wp\/v2\/tags?post=236645"}],"curies":[{"name":"wp","href":"https:\/\/api.w.org\/{rel}","templated":true}]}}