{"id":236658,"date":"2015-12-11T00:00:00","date_gmt":"2015-12-11T00:00:00","guid":{"rendered":"https:\/\/www.ecuadortimes.net\/es\/yachay-tech-tiene-nuevo-rector\/"},"modified":"2015-12-11T00:00:00","modified_gmt":"2015-12-11T00:00:00","slug":"yachay-tech-tiene-nuevo-rector","status":"publish","type":"post","link":"https:\/\/www.ecuadortimes.net\/es\/yachay-tech-tiene-nuevo-rector\/","title":{"rendered":"Yachay Tech\u00a0tiene nuevo rector"},"content":{"rendered":"<p>&nbsp;<\/p>\n<div id=\"attachment_171083\" style=\"width: 310px\" class=\"wp-caption alignright\"><img aria-describedby=\"caption-attachment-171083\" loading=\"lazy\" class=\"size-medium wp-image-171083\" src=\"https:\/\/www.ecuadortimes.net\/es\/wp-content\/uploads\/2015\/12\/yachTch-Nuevorector-ECUADORTIMES-ECUADORNEWS-300x246.jpg\" alt=\"Imagen: El Universo\" width=\"300\" height=\"246\" \/><p id=\"caption-attachment-171083\" class=\"wp-caption-text\">Imagen: El Universo<\/p><\/div>\n<p style=\"text-align: justify;\">Daniel Larson, Ph.D en F\u00edsica y de origen estadounidense, fue designado por la Comisi\u00f3n Gestora como el nuevo rector de Yachay Tech, ubicada en Urcuqu\u00ed, provincia de Imbabura.<\/p>\n<p style=\"text-align: justify;\">\n<p style=\"text-align: justify;\">Seg\u00fan fuentes de Yachay, el lunes pasado fue anunciado como rector. Antes se desempe\u00f1aba como canciller de la misma universidad y, durante la ausencia del entonces rector interino Jos\u00e9 Andrade, Larson estaba como rector encargado.<\/p>\n<p style=\"text-align: justify;\">\n<p>Larson obtuvo su Ph.D en la Universidad de Harvard y, seg\u00fan su biograf\u00eda en Yachay Tech, cuenta con amplia experiencia investigativa en f\u00edsica at\u00f3mica, molecular y \u00f3ptica.<\/p>\n<p>&nbsp;<\/p>\n<p>Tambi\u00e9n fue decano del Colegio de Ciencias Eberly de la Universidad Estatal de Pensilvania, donde se hizo acreedor al reconocimiento Excelencia Administrativa en el 2012. Tambi\u00e9n fue docente en las universidades de Harvard y Virginia, en EE.UU., y en la Tecnol\u00f3gica Chalmers en Suecia. (I)<\/p>\n<p>&nbsp;<\/p>\n<p>Fuente: <a href=\"http:\/\/www.eluniverso.com\/noticias\/2015\/12\/10\/nota\/5290308\/academico-estadounidense-daniel-larson-es-nuevo-rector-yachay-tech\">http:\/\/www.eluniverso.com\/noticias\/2015\/12\/10\/nota\/5290308\/academico-estadounidense-daniel-larson-es-nuevo-rector-yachay-tech<\/a><\/p>\n","protected":false},"excerpt":{"rendered":"<p>&nbsp; Daniel Larson, Ph.D en F\u00edsica y de origen estadounidense, fue designado por la Comisi\u00f3n Gestora como el nuevo rector de Yachay Tech, ubicada en Urcuqu\u00ed, provincia de Imbabura. Seg\u00fan fuentes de Yachay, el lunes pasado fue anunciado como rector. Antes se desempe\u00f1aba como canciller de la misma universidad y, durante la ausencia del entonces rector interino Jos\u00e9 Andrade, Larson estaba como rector encargado. Larson obtuvo su Ph.D en la Universidad de Harvard y, seg\u00fan su biograf\u00eda en Yachay Tech, cuenta con amplia experiencia investigativa en f\u00edsica at\u00f3mica, molecular y \u00f3ptica. &nbsp; Tambi\u00e9n fue decano del Colegio de Ciencias Eberly de la Universidad Estatal de Pensilvania, donde se hizo acreedor al reconocimiento Excelencia Administrativa en el 2012. Tambi\u00e9n fue docente en las universidades de Harvard y Virginia, en EE.UU., y en la Tecnol\u00f3gica Chalmers en Suecia. (I) &nbsp; Fuente: http:\/\/www.eluniverso.com\/noticias\/2015\/12\/10\/nota\/5290308\/academico-estadounidense-daniel-larson-es-nuevo-rector-yachay-tech<\/p>\n","protected":false},"author":1,"featured_media":236659,"comment_status":"open","ping_status":"open","sticky":false,"template":"","format":"standard","meta":[],"categories":[54,40],"tags":[],"_links":{"self":[{"href":"https:\/\/www.ecuadortimes.net\/es\/wp-json\/wp\/v2\/posts\/236658"}],"collection":[{"href":"https:\/\/www.ecuadortimes.net\/es\/wp-json\/wp\/v2\/posts"}],"about":[{"href":"https:\/\/www.ecuadortimes.net\/es\/wp-json\/wp\/v2\/types\/post"}],"author":[{"embeddable":true,"href":"https:\/\/www.ecuadortimes.net\/es\/wp-json\/wp\/v2\/users\/1"}],"replies":[{"embeddable":true,"href":"https:\/\/www.ecuadortimes.net\/es\/wp-json\/wp\/v2\/comments?post=236658"}],"version-history":[{"count":0,"href":"https:\/\/www.ecuadortimes.net\/es\/wp-json\/wp\/v2\/posts\/236658\/revisions"}],"wp:featuredmedia":[{"embeddable":true,"href":"https:\/\/www.ecuadortimes.net\/es\/wp-json\/wp\/v2\/media\/236659"}],"wp:attachment":[{"href":"https:\/\/www.ecuadortimes.net\/es\/wp-json\/wp\/v2\/media?parent=236658"}],"wp:term":[{"taxonomy":"category","embeddable":true,"href":"https:\/\/www.ecuadortimes.net\/es\/wp-json\/wp\/v2\/categories?post=236658"},{"taxonomy":"post_tag","embeddable":true,"href":"https:\/\/www.ecuadortimes.net\/es\/wp-json\/wp\/v2\/tags?post=236658"}],"curies":[{"name":"wp","href":"https:\/\/api.w.org\/{rel}","templated":true}]}}