{"id":236660,"date":"2015-12-11T00:00:00","date_gmt":"2015-12-11T00:00:00","guid":{"rendered":"https:\/\/www.ecuadortimes.net\/es\/obras-municipales-en-salud-y-educacion-previo-aval-estatal\/"},"modified":"2015-12-11T00:00:00","modified_gmt":"2015-12-11T00:00:00","slug":"obras-municipales-en-salud-y-educacion-previo-aval-estatal","status":"publish","type":"post","link":"https:\/\/www.ecuadortimes.net\/es\/obras-municipales-en-salud-y-educacion-previo-aval-estatal\/","title":{"rendered":"Obras municipales en salud y educaci\u00f3n, previo aval estatal"},"content":{"rendered":"<p>&nbsp;<\/p>\n<div id=\"attachment_171082\" style=\"width: 310px\" class=\"wp-caption aligncenter\"><img aria-describedby=\"caption-attachment-171082\" loading=\"lazy\" class=\"size-medium wp-image-171082\" src=\"https:\/\/www.ecuadortimes.net\/es\/wp-content\/uploads\/2015\/12\/pr02u111215photo01-300x172.jpg\" alt=\"Imagen: El Universo\" width=\"300\" height=\"172\" \/><p id=\"caption-attachment-171082\" class=\"wp-caption-text\">Imagen: El Universo<\/p><\/div>\n<p>Los municipios necesitar\u00e1n el permiso de los ministerios de Salud y Educaci\u00f3n para ejecutar ciertas obras en esas \u00e1reas, una vez que las enmiendas entren en vigencia.<\/p>\n<p>&nbsp;<\/p>\n<p>En la actualidad no solicitan autorizaci\u00f3n al Estado central pues una de sus competencias exclusivas, seg\u00fan la Constituci\u00f3n, es construir infraestructura para salud y educaci\u00f3n.<\/p>\n<p>&nbsp;<\/p>\n<p>As\u00ed consta en el inciso 7 del art\u00edculo 264, que fue modificado por la Asamblea como parte del proyecto de enmiendas.<\/p>\n<p>&nbsp;<\/p>\n<p>Este inciso contiene dos ideas: que los cabildos podr\u00e1n planificar, construir y mantener la infraestructura f\u00edsica y los equipamientos de salud y educaci\u00f3n\u009d, y as\u00ed como los espacios p\u00fablicos destinados al desarrollo social, cultural y deportivo, de acuerdo con la ley\u009d.<\/p>\n<p>&nbsp;<\/p>\n<p>La propuesta cambia el orden y a\u00f1ade el permiso, al formular el texto as\u00ed: Planificar, construir y mantener la infraestructura f\u00edsica y los equipamientos de los espacios p\u00fablicos destinados al desarrollo social, cultural y deportivo. Previa autorizaci\u00f3n del ente rector de la pol\u00edtica p\u00fablica podr\u00e1n construir y mantener la infraestructura f\u00edsica y los equipamientos de salud y educaci\u00f3n\u009d. (I)<\/p>\n<p>&nbsp;<\/p>\n<p>Fuente: <a href=\"http:\/\/www.eluniverso.com\/noticias\/2015\/12\/11\/nota\/5290764\/obras-municipales-salud-educacion-previo-aval-estatal\">http:\/\/www.eluniverso.com\/noticias\/2015\/12\/11\/nota\/5290764\/obras-municipales-salud-educacion-previo-aval-estatal<\/a><\/p>\n","protected":false},"excerpt":{"rendered":"<p>&nbsp; Los municipios necesitar\u00e1n el permiso de los ministerios de Salud y Educaci\u00f3n para ejecutar ciertas obras en esas \u00e1reas, una vez que las enmiendas entren en vigencia. &nbsp; En la actualidad no solicitan autorizaci\u00f3n al Estado central pues una de sus competencias exclusivas, seg\u00fan la Constituci\u00f3n, es construir infraestructura para salud y educaci\u00f3n. &nbsp; As\u00ed consta en el inciso 7 del art\u00edculo 264, que fue modificado por la Asamblea como parte del proyecto de enmiendas. &nbsp; Este inciso contiene dos ideas: que los cabildos podr\u00e1n planificar, construir y mantener la infraestructura f\u00edsica y los equipamientos de salud y educaci\u00f3n\u009d, y as\u00ed como los espacios p\u00fablicos destinados al desarrollo social, cultural y deportivo, de acuerdo con la ley\u009d. &nbsp; La propuesta cambia el orden y a\u00f1ade el permiso, al formular el texto as\u00ed: Planificar, construir y mantener la infraestructura f\u00edsica y los equipamientos de los espacios p\u00fablicos destinados al desarrollo social, cultural y deportivo. Previa autorizaci\u00f3n del ente rector de la pol\u00edtica p\u00fablica podr\u00e1n construir y mantener la infraestructura f\u00edsica y los equipamientos de salud y educaci\u00f3n\u009d. (I) &nbsp; Fuente: http:\/\/www.eluniverso.com\/noticias\/2015\/12\/11\/nota\/5290764\/obras-municipales-salud-educacion-previo-aval-estatal<\/p>\n","protected":false},"author":1,"featured_media":236661,"comment_status":"open","ping_status":"open","sticky":false,"template":"","format":"standard","meta":[],"categories":[40],"tags":[],"_links":{"self":[{"href":"https:\/\/www.ecuadortimes.net\/es\/wp-json\/wp\/v2\/posts\/236660"}],"collection":[{"href":"https:\/\/www.ecuadortimes.net\/es\/wp-json\/wp\/v2\/posts"}],"about":[{"href":"https:\/\/www.ecuadortimes.net\/es\/wp-json\/wp\/v2\/types\/post"}],"author":[{"embeddable":true,"href":"https:\/\/www.ecuadortimes.net\/es\/wp-json\/wp\/v2\/users\/1"}],"replies":[{"embeddable":true,"href":"https:\/\/www.ecuadortimes.net\/es\/wp-json\/wp\/v2\/comments?post=236660"}],"version-history":[{"count":0,"href":"https:\/\/www.ecuadortimes.net\/es\/wp-json\/wp\/v2\/posts\/236660\/revisions"}],"wp:featuredmedia":[{"embeddable":true,"href":"https:\/\/www.ecuadortimes.net\/es\/wp-json\/wp\/v2\/media\/236661"}],"wp:attachment":[{"href":"https:\/\/www.ecuadortimes.net\/es\/wp-json\/wp\/v2\/media?parent=236660"}],"wp:term":[{"taxonomy":"category","embeddable":true,"href":"https:\/\/www.ecuadortimes.net\/es\/wp-json\/wp\/v2\/categories?post=236660"},{"taxonomy":"post_tag","embeddable":true,"href":"https:\/\/www.ecuadortimes.net\/es\/wp-json\/wp\/v2\/tags?post=236660"}],"curies":[{"name":"wp","href":"https:\/\/api.w.org\/{rel}","templated":true}]}}