{"id":236669,"date":"2015-12-14T00:00:00","date_gmt":"2015-12-14T00:00:00","guid":{"rendered":"https:\/\/www.ecuadortimes.net\/es\/correa-afirma-que-enfrenta-una-guerra-economica-como-en-venezuela\/"},"modified":"2015-12-14T00:00:00","modified_gmt":"2015-12-14T00:00:00","slug":"correa-afirma-que-enfrenta-una-guerra-economica-como-en-venezuela","status":"publish","type":"post","link":"https:\/\/www.ecuadortimes.net\/es\/correa-afirma-que-enfrenta-una-guerra-economica-como-en-venezuela\/","title":{"rendered":"Correa afirma que enfrenta una &#8220;guerra econ\u00f3mica&#8221; como en Venezuela"},"content":{"rendered":"<p style=\"text-align: justify;\"><img loading=\"lazy\" class=\"alignleft size-medium wp-image-171112\" src=\"https:\/\/www.ecuadortimes.net\/es\/wp-content\/uploads\/2015\/12\/economia-ecuador-ecuadortimes-ecuadornews-228x300.jpg\" alt=\"economia-ecuador-ecuadortimes-ecuadornews\" width=\"228\" height=\"300\" \/>La <strong>guerra econ\u00f3mica<\/strong>\u009d, frase utilizada por el <strong>Gobierno<\/strong> venezolano para excusar la crisis econ\u00f3mica, el s\u00e1bado \u00faltimo fue utilizado en el discurso del <strong>oficialismo<\/strong> ecuatoriano.<\/p>\n<p style=\"text-align: justify;\">Sin pensar que sea posible en Ecuador, el presidente <strong>Rafael Correa<\/strong>, a inicios de a\u00f1o, durante el acto de posesi\u00f3n como presidente pro tempore de la Celac, exigi\u00f3 que pararan &#8220;las guerras econ\u00f3micas contra<strong> Venezuela<\/strong>&#8220;.<\/p>\n<p style=\"text-align: justify;\">Lo volvi\u00f3 a hacer, dos meses m\u00e1s tarde, desde Uruguay, tras la asunci\u00f3n de su hom\u00f3logo Tabar\u00e9 V\u00e1zquez. Consultado por periodistas, Correa declar\u00f3 sin divagaciones que &#8220;lo que vive Venezuela es una guerra econ\u00f3mica&#8221; y, esta vez, extendi\u00f3 que la pr\u00e1ctica se aplicaba contra &#8220;los gobiernos progresistas&#8221;. No precis\u00f3 entonces si Ecuador, como era de esperarse, estaba adscrito a ese grupo indefinido de pa\u00edses.<\/p>\n<p style=\"text-align: justify;\">El nombre propio aparecer\u00eda primero en las palabras de la poco cauta canciller venezolana Delcy Rodr\u00edguez, quien, el 13 de agosto pasado, mientras los movimientos obreros e ind\u00edgenas del <strong>Ecuador<\/strong> activaban el primer paro contra el Gobierno de Correa, se apur\u00f3 a enmarcar el complejo an\u00e1lisis en un tuit: &#8220;en Ecuador aplican la misma t\u00e1ctica que en Venezuela: guerra econ\u00f3mica&#8221;, dijo Rodr\u00edguez en una serie de tuits que no atin\u00f3 a se\u00f1alar responsables.<\/p>\n<p style=\"text-align: justify;\">Tampoco lo ha hecho el presidente Correa, el s\u00e1bado \u00faltimo, cuando el eufemismo apareciera por primera vez en su discurso, durante un enlace ciudadano dedicado a prometer la mejor\u00eda de la econom\u00eda para 2016.<\/p>\n<p style=\"text-align: justify;\">&#8220;Hemos tenido lucha pol\u00edtica, lucha medi\u00e1tica. Ahora nos quieren hacer guerra econ\u00f3mica&#8221;, dijo.<\/p>\n<p style=\"text-align: justify;\">Por su parte, la oposici\u00f3n despacha, no sin risas, la contraargumentaci\u00f3n: &#8220;el l\u00edmite de la demogagia es la frialdad de las nefastas cifras econ\u00f3micas&#8221;.<\/p>\n<p style=\"text-align: justify;\">Fuente:\u00a0http:\/\/expreso.ec\/expreso\/plantillas\/nota.aspx?idart=8739893&amp;idcat=38473&amp;tipo=2<\/p>\n","protected":false},"excerpt":{"rendered":"<p>La guerra econ\u00f3mica\u009d, frase utilizada por el Gobierno venezolano para excusar la crisis econ\u00f3mica, el s\u00e1bado \u00faltimo fue utilizado en el discurso del oficialismo ecuatoriano. Sin pensar que sea posible en Ecuador, el presidente Rafael Correa, a inicios de a\u00f1o, durante el acto de posesi\u00f3n como presidente pro tempore de la Celac, exigi\u00f3 que pararan &#8220;las guerras econ\u00f3micas contra Venezuela&#8220;. Lo volvi\u00f3 a hacer, dos meses m\u00e1s tarde, desde Uruguay, tras la asunci\u00f3n de su hom\u00f3logo Tabar\u00e9 V\u00e1zquez. Consultado por periodistas, Correa declar\u00f3 sin divagaciones que &#8220;lo que vive Venezuela es una guerra econ\u00f3mica&#8221; y, esta vez, extendi\u00f3 que la pr\u00e1ctica se aplicaba contra &#8220;los gobiernos progresistas&#8221;. No precis\u00f3 entonces si Ecuador, como era de esperarse, estaba adscrito a ese grupo indefinido de pa\u00edses. El nombre propio aparecer\u00eda primero en las palabras de la poco cauta canciller venezolana Delcy Rodr\u00edguez, quien, el 13 de agosto pasado, mientras los movimientos obreros e ind\u00edgenas del Ecuador activaban el primer paro contra el Gobierno de Correa, se apur\u00f3 a enmarcar el complejo an\u00e1lisis en un tuit: &#8220;en Ecuador aplican la misma t\u00e1ctica que en Venezuela: guerra econ\u00f3mica&#8221;, dijo Rodr\u00edguez en una serie de tuits que no atin\u00f3 a se\u00f1alar responsables. Tampoco lo ha hecho el presidente Correa, el s\u00e1bado \u00faltimo, cuando el eufemismo apareciera por primera vez en su discurso, durante un enlace ciudadano dedicado a prometer la mejor\u00eda de la econom\u00eda para 2016. &#8220;Hemos tenido lucha pol\u00edtica, lucha medi\u00e1tica. Ahora nos quieren hacer guerra econ\u00f3mica&#8221;, dijo. Por su parte, la oposici\u00f3n despacha, no sin risas, la contraargumentaci\u00f3n: &#8220;el l\u00edmite de la demogagia es la frialdad de las nefastas cifras econ\u00f3micas&#8221;. Fuente:\u00a0http:\/\/expreso.ec\/expreso\/plantillas\/nota.aspx?idart=8739893&amp;idcat=38473&amp;tipo=2<\/p>\n","protected":false},"author":1,"featured_media":236670,"comment_status":"open","ping_status":"open","sticky":false,"template":"","format":"standard","meta":[],"categories":[43,37],"tags":[],"_links":{"self":[{"href":"https:\/\/www.ecuadortimes.net\/es\/wp-json\/wp\/v2\/posts\/236669"}],"collection":[{"href":"https:\/\/www.ecuadortimes.net\/es\/wp-json\/wp\/v2\/posts"}],"about":[{"href":"https:\/\/www.ecuadortimes.net\/es\/wp-json\/wp\/v2\/types\/post"}],"author":[{"embeddable":true,"href":"https:\/\/www.ecuadortimes.net\/es\/wp-json\/wp\/v2\/users\/1"}],"replies":[{"embeddable":true,"href":"https:\/\/www.ecuadortimes.net\/es\/wp-json\/wp\/v2\/comments?post=236669"}],"version-history":[{"count":0,"href":"https:\/\/www.ecuadortimes.net\/es\/wp-json\/wp\/v2\/posts\/236669\/revisions"}],"wp:featuredmedia":[{"embeddable":true,"href":"https:\/\/www.ecuadortimes.net\/es\/wp-json\/wp\/v2\/media\/236670"}],"wp:attachment":[{"href":"https:\/\/www.ecuadortimes.net\/es\/wp-json\/wp\/v2\/media?parent=236669"}],"wp:term":[{"taxonomy":"category","embeddable":true,"href":"https:\/\/www.ecuadortimes.net\/es\/wp-json\/wp\/v2\/categories?post=236669"},{"taxonomy":"post_tag","embeddable":true,"href":"https:\/\/www.ecuadortimes.net\/es\/wp-json\/wp\/v2\/tags?post=236669"}],"curies":[{"name":"wp","href":"https:\/\/api.w.org\/{rel}","templated":true}]}}