{"id":236674,"date":"2015-12-14T00:00:00","date_gmt":"2015-12-14T00:00:00","guid":{"rendered":"https:\/\/www.ecuadortimes.net\/es\/bustamante-la-comunicacion-no-debe-ser-un-servicio-publico\/"},"modified":"2015-12-14T00:00:00","modified_gmt":"2015-12-14T00:00:00","slug":"bustamante-la-comunicacion-no-debe-ser-un-servicio-publico","status":"publish","type":"post","link":"https:\/\/www.ecuadortimes.net\/es\/bustamante-la-comunicacion-no-debe-ser-un-servicio-publico\/","title":{"rendered":"Bustamante: La comunicaci\u00f3n no debe ser un servicio p\u00fablico"},"content":{"rendered":"<div id=\"attachment_171125\" style=\"width: 310px\" class=\"wp-caption aligncenter\"><img aria-describedby=\"caption-attachment-171125\" loading=\"lazy\" class=\"size-medium wp-image-171125\" src=\"https:\/\/www.ecuadortimes.net\/es\/wp-content\/uploads\/2015\/12\/Captura-de-pantalla-2015-12-14-a-las-10.51.11-a.m.-300x209.png\" alt=\"Imagen: Expreso\" width=\"300\" height=\"209\" \/><p id=\"caption-attachment-171125\" class=\"wp-caption-text\">Imagen: Expreso<\/p><\/div>\n<p>El presidente de la Comisi\u00f3n de Relaciones Internacionales, Fernando Bustamante, en una entrevista para diario Expreso, habl\u00f3 sobre las posibles sanciones de Alianza PAIS, la enmienda de comunicaci\u00f3n y su relaci\u00f3n con el presidente Rafael Correa.<\/p>\n<p>Bustamante aclar\u00f3 que no puede hablar sobre el tema, que el comit\u00e9 de Alianza PAIS decidir\u00e1.<\/p>\n<p>Depende de las circunstancias y de las brechas que se abren. Es muy dif\u00edcil, hay que buscar la mejor soluci\u00f3n. Hice lo que me dict\u00f3 mi conciencia y la creencia de que los electores no quer\u00edan esas enmiendas\u009d, opin\u00f3 sobre la disciplina partidista y la conciencia.<\/p>\n<p>Sobre la enmienda a la comunicaci\u00f3n, el no comparte la concepci\u00f3n ideol\u00f3gica y filos\u00f3fica del rol del estado.  La comunicaci\u00f3n es un derecho fundamental y no puede ser un servicio p\u00fablico. El Estado puede dar condiciones para que ese derecho se ejerza y se disfrute, pero no puede ser sujeto de ese derecho&#8221;.<\/p>\n<p>Explic\u00f3 que esta enmienda restringe los derechos a la comunicaci\u00f3n, que es muy importante. No debe ser servicio p\u00fablico\u009d. (I)<\/p>\n<p>&nbsp;<\/p>\n<p>&nbsp;<\/p>\n<p>Fuente: <a href=\"http:\/\/expreso.ec\/expreso\/plantillas\/nota.aspx?idart=8739892&amp;idcat=38269&amp;tipo=2\">http:\/\/expreso.ec\/expreso\/plantillas\/nota.aspx?idart=8739892&amp;idcat=38269&amp;tipo=2<\/a><\/p>\n","protected":false},"excerpt":{"rendered":"<p>El presidente de la Comisi\u00f3n de Relaciones Internacionales, Fernando Bustamante, en una entrevista para diario Expreso, habl\u00f3 sobre las posibles sanciones de Alianza PAIS, la enmienda de comunicaci\u00f3n y su relaci\u00f3n con el presidente Rafael Correa. Bustamante aclar\u00f3 que no puede hablar sobre el tema, que el comit\u00e9 de Alianza PAIS decidir\u00e1. Depende de las circunstancias y de las brechas que se abren. Es muy dif\u00edcil, hay que buscar la mejor soluci\u00f3n. Hice lo que me dict\u00f3 mi conciencia y la creencia de que los electores no quer\u00edan esas enmiendas\u009d, opin\u00f3 sobre la disciplina partidista y la conciencia. Sobre la enmienda a la comunicaci\u00f3n, el no comparte la concepci\u00f3n ideol\u00f3gica y filos\u00f3fica del rol del estado. La comunicaci\u00f3n es un derecho fundamental y no puede ser un servicio p\u00fablico. El Estado puede dar condiciones para que ese derecho se ejerza y se disfrute, pero no puede ser sujeto de ese derecho&#8221;. Explic\u00f3 que esta enmienda restringe los derechos a la comunicaci\u00f3n, que es muy importante. No debe ser servicio p\u00fablico\u009d. (I) &nbsp; &nbsp; Fuente: http:\/\/expreso.ec\/expreso\/plantillas\/nota.aspx?idart=8739892&amp;idcat=38269&amp;tipo=2<\/p>\n","protected":false},"author":1,"featured_media":0,"comment_status":"open","ping_status":"open","sticky":false,"template":"","format":"standard","meta":[],"categories":[40],"tags":[],"_links":{"self":[{"href":"https:\/\/www.ecuadortimes.net\/es\/wp-json\/wp\/v2\/posts\/236674"}],"collection":[{"href":"https:\/\/www.ecuadortimes.net\/es\/wp-json\/wp\/v2\/posts"}],"about":[{"href":"https:\/\/www.ecuadortimes.net\/es\/wp-json\/wp\/v2\/types\/post"}],"author":[{"embeddable":true,"href":"https:\/\/www.ecuadortimes.net\/es\/wp-json\/wp\/v2\/users\/1"}],"replies":[{"embeddable":true,"href":"https:\/\/www.ecuadortimes.net\/es\/wp-json\/wp\/v2\/comments?post=236674"}],"version-history":[{"count":0,"href":"https:\/\/www.ecuadortimes.net\/es\/wp-json\/wp\/v2\/posts\/236674\/revisions"}],"wp:attachment":[{"href":"https:\/\/www.ecuadortimes.net\/es\/wp-json\/wp\/v2\/media?parent=236674"}],"wp:term":[{"taxonomy":"category","embeddable":true,"href":"https:\/\/www.ecuadortimes.net\/es\/wp-json\/wp\/v2\/categories?post=236674"},{"taxonomy":"post_tag","embeddable":true,"href":"https:\/\/www.ecuadortimes.net\/es\/wp-json\/wp\/v2\/tags?post=236674"}],"curies":[{"name":"wp","href":"https:\/\/api.w.org\/{rel}","templated":true}]}}