{"id":236675,"date":"2015-12-14T00:00:00","date_gmt":"2015-12-14T00:00:00","guid":{"rendered":"https:\/\/www.ecuadortimes.net\/es\/6-tipos-de-delitos-enfrentan-los-manifestantes\/"},"modified":"2015-12-14T00:00:00","modified_gmt":"2015-12-14T00:00:00","slug":"6-tipos-de-delitos-enfrentan-los-manifestantes","status":"publish","type":"post","link":"https:\/\/www.ecuadortimes.net\/es\/6-tipos-de-delitos-enfrentan-los-manifestantes\/","title":{"rendered":"6 tipos de delitos enfrentan los manifestantes"},"content":{"rendered":"<p>&nbsp;<\/p>\n<div id=\"attachment_171124\" style=\"width: 310px\" class=\"wp-caption aligncenter\"><img aria-describedby=\"caption-attachment-171124\" loading=\"lazy\" class=\"size-medium wp-image-171124\" src=\"https:\/\/www.ecuadortimes.net\/es\/wp-content\/uploads\/2015\/12\/566e004385fca-300x167.jpeg\" alt=\"Imagen: EL COmercio\" width=\"300\" height=\"167\" \/><p id=\"caption-attachment-171124\" class=\"wp-caption-text\">Imagen: EL COmercio<\/p><\/div>\n<p>En este a\u00f1o, la Fiscal\u00eda ha reportado en el pa\u00eds al menos 168 personas arrestadas en las manifestaciones en contra del Gobierno. Datos de este organismo dicen que el 70% de ellos recibi\u00f3 prisi\u00f3n preventiva. Se los proces\u00f3 por ataque y resistencia, paralizaci\u00f3n de servicios p\u00fablicos, incitaci\u00f3n a la discordia, posesi\u00f3n de armas, da\u00f1o a bien ajeno y deshonra a la Polic\u00eda.<\/p>\n<p>&nbsp;<\/p>\n<p>Ocho estudiantes del Colegio Mej\u00eda formaron parte de esa lista de detenidos. Cinco fueron procesados en junio pasado. Se los acus\u00f3 de sabotaje, un delito contra el Estado que se sanciona con c\u00e1rcel entre cinco y siete a\u00f1os. Despu\u00e9s, la Fiscal\u00eda cambi\u00f3 el tipo penal por da\u00f1o a bien ajeno, que tiene una sanci\u00f3n m\u00e1s leve.<\/p>\n<p>&nbsp;<\/p>\n<p>Uno de los procesados pide que solo lo llamen Mateo. \u00c3\u0089l fue condenado a dos meses de c\u00e1rcel por protestar contra la eliminaci\u00f3n de la jornada nocturna, que fue desmentida por el Ministerio de Educaci\u00f3n. (I)<\/p>\n<p>Fuente: <a href=\"http:\/\/www.elcomercio.com\/actualidad\/detenidos-protestas-manifestaciones-prision-delitos.html\">http:\/\/www.elcomercio.com\/actualidad\/detenidos-protestas-manifestaciones-prision-delitos.html<\/a><\/p>\n","protected":false},"excerpt":{"rendered":"<p>&nbsp; En este a\u00f1o, la Fiscal\u00eda ha reportado en el pa\u00eds al menos 168 personas arrestadas en las manifestaciones en contra del Gobierno. Datos de este organismo dicen que el 70% de ellos recibi\u00f3 prisi\u00f3n preventiva. Se los proces\u00f3 por ataque y resistencia, paralizaci\u00f3n de servicios p\u00fablicos, incitaci\u00f3n a la discordia, posesi\u00f3n de armas, da\u00f1o a bien ajeno y deshonra a la Polic\u00eda. &nbsp; Ocho estudiantes del Colegio Mej\u00eda formaron parte de esa lista de detenidos. Cinco fueron procesados en junio pasado. Se los acus\u00f3 de sabotaje, un delito contra el Estado que se sanciona con c\u00e1rcel entre cinco y siete a\u00f1os. Despu\u00e9s, la Fiscal\u00eda cambi\u00f3 el tipo penal por da\u00f1o a bien ajeno, que tiene una sanci\u00f3n m\u00e1s leve. &nbsp; Uno de los procesados pide que solo lo llamen Mateo. \u00c3\u0089l fue condenado a dos meses de c\u00e1rcel por protestar contra la eliminaci\u00f3n de la jornada nocturna, que fue desmentida por el Ministerio de Educaci\u00f3n. (I) Fuente: http:\/\/www.elcomercio.com\/actualidad\/detenidos-protestas-manifestaciones-prision-delitos.html<\/p>\n","protected":false},"author":1,"featured_media":236676,"comment_status":"open","ping_status":"open","sticky":false,"template":"","format":"standard","meta":[],"categories":[40],"tags":[],"_links":{"self":[{"href":"https:\/\/www.ecuadortimes.net\/es\/wp-json\/wp\/v2\/posts\/236675"}],"collection":[{"href":"https:\/\/www.ecuadortimes.net\/es\/wp-json\/wp\/v2\/posts"}],"about":[{"href":"https:\/\/www.ecuadortimes.net\/es\/wp-json\/wp\/v2\/types\/post"}],"author":[{"embeddable":true,"href":"https:\/\/www.ecuadortimes.net\/es\/wp-json\/wp\/v2\/users\/1"}],"replies":[{"embeddable":true,"href":"https:\/\/www.ecuadortimes.net\/es\/wp-json\/wp\/v2\/comments?post=236675"}],"version-history":[{"count":0,"href":"https:\/\/www.ecuadortimes.net\/es\/wp-json\/wp\/v2\/posts\/236675\/revisions"}],"wp:featuredmedia":[{"embeddable":true,"href":"https:\/\/www.ecuadortimes.net\/es\/wp-json\/wp\/v2\/media\/236676"}],"wp:attachment":[{"href":"https:\/\/www.ecuadortimes.net\/es\/wp-json\/wp\/v2\/media?parent=236675"}],"wp:term":[{"taxonomy":"category","embeddable":true,"href":"https:\/\/www.ecuadortimes.net\/es\/wp-json\/wp\/v2\/categories?post=236675"},{"taxonomy":"post_tag","embeddable":true,"href":"https:\/\/www.ecuadortimes.net\/es\/wp-json\/wp\/v2\/tags?post=236675"}],"curies":[{"name":"wp","href":"https:\/\/api.w.org\/{rel}","templated":true}]}}