{"id":236677,"date":"2015-12-14T00:00:00","date_gmt":"2015-12-14T00:00:00","guid":{"rendered":"https:\/\/www.ecuadortimes.net\/es\/se-augura-una-debilidad-sostenida-en-los-mercados-de-materias-primas\/"},"modified":"2015-12-14T00:00:00","modified_gmt":"2015-12-14T00:00:00","slug":"se-augura-una-debilidad-sostenida-en-los-mercados-de-materias-primas","status":"publish","type":"post","link":"https:\/\/www.ecuadortimes.net\/es\/se-augura-una-debilidad-sostenida-en-los-mercados-de-materias-primas\/","title":{"rendered":"Se augura una debilidad sostenida en los mercados de materias primas"},"content":{"rendered":"<p style=\"text-align: justify;\"><img loading=\"lazy\" class=\"alignleft size-medium wp-image-171135\" src=\"https:\/\/www.ecuadortimes.net\/es\/wp-content\/uploads\/2015\/12\/materias-primas-ecuadortimes-ecuadornews-300x174.jpg\" alt=\"materias-primas-ecuadortimes-ecuadornews\" width=\"300\" height=\"174\" \/>Los expertos consideran que la reducci\u00f3n de la <strong>demanda<\/strong> por parte de <strong>China<\/strong> y las perspectivas de un mayor fortalecimiento del <strong>d\u00f3lar<\/strong> si suben en diciembre las<strong> tasas de inter\u00e9s<\/strong> de <strong>Estados Unidos<\/strong> auguran una debilidad sostenida en los mercados de materias primas.<\/p>\n<p style=\"text-align: justify;\">A pesar de las malas noticias el ejecutivo de Merrill Lynch, Juan Pablo Cuevas, quien en unas recientes declaraciones a El Nuevo Herald de Miami, se\u00f1al\u00f3 que el gran desaf\u00edo de los pa\u00edses <strong>latinoamericanos<\/strong> es que sus <strong>econom\u00edas<\/strong> se sustenten en una &#8220;mezcla m\u00e1s equilibrada&#8221; entre materias primas y &#8220;productos terminados&#8221;.<\/p>\n<p style=\"text-align: justify;\">Diversificar las econom\u00edas para hacerlas menos dependientes de las materias primas, buscar nuevos mercados mediante la firma de acuerdos comerciales e invertir m\u00e1s en infraestructuras son los ingredientes de la receta de Maersk para &#8220;capear mejor el temporal&#8221;, seg\u00fan Omar Shamsie, presidente de Maersk Line en la regi\u00f3n, una empresa de transporte de carga.<\/p>\n<p style=\"text-align: justify;\">Fuente:\u00a0http:\/\/expreso.ec\/expreso\/plantillas\/nota.aspx?idart=8739951&amp;idcat=38229&amp;tipo=2<\/p>\n","protected":false},"excerpt":{"rendered":"<p>Los expertos consideran que la reducci\u00f3n de la demanda por parte de China y las perspectivas de un mayor fortalecimiento del d\u00f3lar si suben en diciembre las tasas de inter\u00e9s de Estados Unidos auguran una debilidad sostenida en los mercados de materias primas. A pesar de las malas noticias el ejecutivo de Merrill Lynch, Juan Pablo Cuevas, quien en unas recientes declaraciones a El Nuevo Herald de Miami, se\u00f1al\u00f3 que el gran desaf\u00edo de los pa\u00edses latinoamericanos es que sus econom\u00edas se sustenten en una &#8220;mezcla m\u00e1s equilibrada&#8221; entre materias primas y &#8220;productos terminados&#8221;. Diversificar las econom\u00edas para hacerlas menos dependientes de las materias primas, buscar nuevos mercados mediante la firma de acuerdos comerciales e invertir m\u00e1s en infraestructuras son los ingredientes de la receta de Maersk para &#8220;capear mejor el temporal&#8221;, seg\u00fan Omar Shamsie, presidente de Maersk Line en la regi\u00f3n, una empresa de transporte de carga. Fuente:\u00a0http:\/\/expreso.ec\/expreso\/plantillas\/nota.aspx?idart=8739951&amp;idcat=38229&amp;tipo=2<\/p>\n","protected":false},"author":1,"featured_media":236678,"comment_status":"open","ping_status":"open","sticky":false,"template":"","format":"standard","meta":[],"categories":[33,37],"tags":[],"_links":{"self":[{"href":"https:\/\/www.ecuadortimes.net\/es\/wp-json\/wp\/v2\/posts\/236677"}],"collection":[{"href":"https:\/\/www.ecuadortimes.net\/es\/wp-json\/wp\/v2\/posts"}],"about":[{"href":"https:\/\/www.ecuadortimes.net\/es\/wp-json\/wp\/v2\/types\/post"}],"author":[{"embeddable":true,"href":"https:\/\/www.ecuadortimes.net\/es\/wp-json\/wp\/v2\/users\/1"}],"replies":[{"embeddable":true,"href":"https:\/\/www.ecuadortimes.net\/es\/wp-json\/wp\/v2\/comments?post=236677"}],"version-history":[{"count":0,"href":"https:\/\/www.ecuadortimes.net\/es\/wp-json\/wp\/v2\/posts\/236677\/revisions"}],"wp:featuredmedia":[{"embeddable":true,"href":"https:\/\/www.ecuadortimes.net\/es\/wp-json\/wp\/v2\/media\/236678"}],"wp:attachment":[{"href":"https:\/\/www.ecuadortimes.net\/es\/wp-json\/wp\/v2\/media?parent=236677"}],"wp:term":[{"taxonomy":"category","embeddable":true,"href":"https:\/\/www.ecuadortimes.net\/es\/wp-json\/wp\/v2\/categories?post=236677"},{"taxonomy":"post_tag","embeddable":true,"href":"https:\/\/www.ecuadortimes.net\/es\/wp-json\/wp\/v2\/tags?post=236677"}],"curies":[{"name":"wp","href":"https:\/\/api.w.org\/{rel}","templated":true}]}}