{"id":236680,"date":"2015-12-14T00:00:00","date_gmt":"2015-12-14T00:00:00","guid":{"rendered":"https:\/\/www.ecuadortimes.net\/es\/administracion-de-justicia-vuelve-a-plan-oficialista-en-ecuador\/"},"modified":"2015-12-14T00:00:00","modified_gmt":"2015-12-14T00:00:00","slug":"administracion-de-justicia-vuelve-a-plan-oficialista-en-ecuador","status":"publish","type":"post","link":"https:\/\/www.ecuadortimes.net\/es\/administracion-de-justicia-vuelve-a-plan-oficialista-en-ecuador\/","title":{"rendered":"Administraci\u00f3n de justicia vuelve a plan oficialista en Ecuador"},"content":{"rendered":"<p>&nbsp;<\/p>\n<p style=\"text-align: justify;\"><img loading=\"lazy\" class=\"size-medium wp-image-171141 alignright\" src=\"https:\/\/www.ecuadortimes.net\/es\/wp-content\/uploads\/2015\/12\/Justicia-Martillo-300x185.jpg\" alt=\"Justicia-Martillo\" width=\"300\" height=\"185\" \/>La administraci\u00f3n de justicia vuelve a la agenda de los cambios constitucionales que Alianza PAIS analiza para el segundo paquete de enmiendas. Se habla de reducir jueces nacionales, la distribuci\u00f3n de jueces por distritos y no por provincias y las &#8220;atribuciones del Consejo de la Judicatura&#8221;.<\/p>\n<p style=\"text-align: justify;\">\n<p>El n\u00famero de jueces de la Corte Nacional (CNJ) fue una de las propuestas que AP dej\u00f3 fuera en el primer proyecto de enmiendas y que buscaba que la CNJ est\u00e9 integrada por jueces &#8220;de conformidad con la ley&#8221;, en lugar de 21 que ahora constan en la Constituci\u00f3n.<\/p>\n<p>&nbsp;<\/p>\n<p>Otro cambio que qued\u00f3 pendiente es sobre el art\u00edculo 186 que se\u00f1ala que el n\u00famero de jueces que integran las cortes provinciales se har\u00e1 conforme a la divisi\u00f3n territorial judicial, por provincias, el cambio ser\u00eda que sea seg\u00fan distritos.<\/p>\n<p>&nbsp;<\/p>\n<p>Soledad Buend\u00eda (AP) se\u00f1al\u00f3 que no tienen mayor detalle de los temas y que en estos d\u00edas mantendr\u00e1n un reuni\u00f3n.<\/p>\n<p>&nbsp;<\/p>\n<p>La consulta popular del 2013 incluy\u00f3 la sustituci\u00f3n temporal de la Judicatura por una comisi\u00f3n t\u00e9cnica y la modificaci\u00f3n de su composici\u00f3n, cambiando la Constituci\u00f3n y el C\u00f3digo de la Funci\u00f3n Judicial. (I)<\/p>\n<p>&nbsp;<\/p>\n<p>Fuente: <a href=\"http:\/\/www.eluniverso.com\/noticias\/2015\/12\/14\/nota\/5297762\/justicia-vuelve-plan-oficialista\">http:\/\/www.eluniverso.com\/noticias\/2015\/12\/14\/nota\/5297762\/justicia-vuelve-plan-oficialista<\/a><\/p>\n<p>&nbsp;<\/p>\n","protected":false},"excerpt":{"rendered":"<p>&nbsp; La administraci\u00f3n de justicia vuelve a la agenda de los cambios constitucionales que Alianza PAIS analiza para el segundo paquete de enmiendas. Se habla de reducir jueces nacionales, la distribuci\u00f3n de jueces por distritos y no por provincias y las &#8220;atribuciones del Consejo de la Judicatura&#8221;. El n\u00famero de jueces de la Corte Nacional (CNJ) fue una de las propuestas que AP dej\u00f3 fuera en el primer proyecto de enmiendas y que buscaba que la CNJ est\u00e9 integrada por jueces &#8220;de conformidad con la ley&#8221;, en lugar de 21 que ahora constan en la Constituci\u00f3n. &nbsp; Otro cambio que qued\u00f3 pendiente es sobre el art\u00edculo 186 que se\u00f1ala que el n\u00famero de jueces que integran las cortes provinciales se har\u00e1 conforme a la divisi\u00f3n territorial judicial, por provincias, el cambio ser\u00eda que sea seg\u00fan distritos. &nbsp; Soledad Buend\u00eda (AP) se\u00f1al\u00f3 que no tienen mayor detalle de los temas y que en estos d\u00edas mantendr\u00e1n un reuni\u00f3n. &nbsp; La consulta popular del 2013 incluy\u00f3 la sustituci\u00f3n temporal de la Judicatura por una comisi\u00f3n t\u00e9cnica y la modificaci\u00f3n de su composici\u00f3n, cambiando la Constituci\u00f3n y el C\u00f3digo de la Funci\u00f3n Judicial. (I) &nbsp; Fuente: http:\/\/www.eluniverso.com\/noticias\/2015\/12\/14\/nota\/5297762\/justicia-vuelve-plan-oficialista &nbsp;<\/p>\n","protected":false},"author":1,"featured_media":236681,"comment_status":"open","ping_status":"open","sticky":false,"template":"","format":"standard","meta":[],"categories":[40],"tags":[],"_links":{"self":[{"href":"https:\/\/www.ecuadortimes.net\/es\/wp-json\/wp\/v2\/posts\/236680"}],"collection":[{"href":"https:\/\/www.ecuadortimes.net\/es\/wp-json\/wp\/v2\/posts"}],"about":[{"href":"https:\/\/www.ecuadortimes.net\/es\/wp-json\/wp\/v2\/types\/post"}],"author":[{"embeddable":true,"href":"https:\/\/www.ecuadortimes.net\/es\/wp-json\/wp\/v2\/users\/1"}],"replies":[{"embeddable":true,"href":"https:\/\/www.ecuadortimes.net\/es\/wp-json\/wp\/v2\/comments?post=236680"}],"version-history":[{"count":0,"href":"https:\/\/www.ecuadortimes.net\/es\/wp-json\/wp\/v2\/posts\/236680\/revisions"}],"wp:featuredmedia":[{"embeddable":true,"href":"https:\/\/www.ecuadortimes.net\/es\/wp-json\/wp\/v2\/media\/236681"}],"wp:attachment":[{"href":"https:\/\/www.ecuadortimes.net\/es\/wp-json\/wp\/v2\/media?parent=236680"}],"wp:term":[{"taxonomy":"category","embeddable":true,"href":"https:\/\/www.ecuadortimes.net\/es\/wp-json\/wp\/v2\/categories?post=236680"},{"taxonomy":"post_tag","embeddable":true,"href":"https:\/\/www.ecuadortimes.net\/es\/wp-json\/wp\/v2\/tags?post=236680"}],"curies":[{"name":"wp","href":"https:\/\/api.w.org\/{rel}","templated":true}]}}