{"id":236684,"date":"2015-12-15T00:00:00","date_gmt":"2015-12-15T00:00:00","guid":{"rendered":"https:\/\/www.ecuadortimes.net\/es\/baja-en-filas-de-fuerzas-armadas-preocupa-a-retirados\/"},"modified":"2015-12-15T00:00:00","modified_gmt":"2015-12-15T00:00:00","slug":"baja-en-filas-de-fuerzas-armadas-preocupa-a-retirados","status":"publish","type":"post","link":"https:\/\/www.ecuadortimes.net\/es\/baja-en-filas-de-fuerzas-armadas-preocupa-a-retirados\/","title":{"rendered":"Baja en filas de Fuerzas Armadas preocupa a retirados"},"content":{"rendered":"<p>&nbsp;<\/p>\n<div id=\"attachment_171150\" style=\"width: 310px\" class=\"wp-caption aligncenter\"><img aria-describedby=\"caption-attachment-171150\" loading=\"lazy\" class=\"size-medium wp-image-171150\" src=\"https:\/\/www.ecuadortimes.net\/es\/wp-content\/uploads\/2015\/12\/Captura-de-pantalla-2015-12-15-a-las-9.32.22-a.m.-300x188.png\" alt=\"Image: El Universo\" width=\"300\" height=\"188\" \/><p id=\"caption-attachment-171150\" class=\"wp-caption-text\">Image: El Universo<\/p><\/div>\n<p>La reducci\u00f3n del personal activo en las Fuerzas Armadas preocupa a los militares pasivos por una posible afectaci\u00f3n a los ingresos del Instituto de Seguridad Social de las Fuerzas Armadas (ISSFA).<\/p>\n<p>Actualmente hay un militar activo por uno pasivo. Pero si se produce la disminuci\u00f3n del personal, esa relaci\u00f3n ya no es uno a uno, sino 0,8, 0,9 a uno. Tendremos inconvenientes\u009d, explic\u00f3 el coronel Bol\u00edvar Silva, representante de los militares en servicio pasivo en el Consejo Directivo del ISSFA, en un encuentro con decenas de militares retirados que se realiz\u00f3 el jueves pasado, para discutir un proyecto de reformas a la normativa de ese seguro social.<\/p>\n<p>&nbsp;<\/p>\n<p>Una de las primeras acciones que implement\u00f3 el Gobierno, dentro del Plan de Modernizaci\u00f3n de las Fuerzas Armadas, fue reducir el ingreso de personal a la conscripci\u00f3n.<\/p>\n<p>&nbsp;<\/p>\n<p>En abril de 2014, el presidente Rafael Correa dijo que la proyecci\u00f3n es disminuir de 16.000 a 10.000 conscriptos.<\/p>\n<p>&nbsp;<\/p>\n<p>Para ejemplificar, seg\u00fan datos de la Direcci\u00f3n de Movilizaci\u00f3n del Ecuador, que constan en su informe de rendici\u00f3n de cuentas de 2014; en el a\u00f1o 2010, se acuartel\u00f3 a 20.700 personas y en 2014 a 10.000. Se licenciaron 13.961 militares en el 2010, y 4.570 el a\u00f1o pasado. (I)<\/p>\n<p>&nbsp;<\/p>\n<p>Fuente: <a href=\"http:\/\/www.eluniverso.com\/noticias\/2015\/12\/15\/nota\/5299657\/baja-filas-ffaa-preocupa-retirados\">http:\/\/www.eluniverso.com\/noticias\/2015\/12\/15\/nota\/5299657\/baja-filas-ffaa-preocupa-retirados<\/a><\/p>\n","protected":false},"excerpt":{"rendered":"<p>&nbsp; La reducci\u00f3n del personal activo en las Fuerzas Armadas preocupa a los militares pasivos por una posible afectaci\u00f3n a los ingresos del Instituto de Seguridad Social de las Fuerzas Armadas (ISSFA). Actualmente hay un militar activo por uno pasivo. Pero si se produce la disminuci\u00f3n del personal, esa relaci\u00f3n ya no es uno a uno, sino 0,8, 0,9 a uno. Tendremos inconvenientes\u009d, explic\u00f3 el coronel Bol\u00edvar Silva, representante de los militares en servicio pasivo en el Consejo Directivo del ISSFA, en un encuentro con decenas de militares retirados que se realiz\u00f3 el jueves pasado, para discutir un proyecto de reformas a la normativa de ese seguro social. &nbsp; Una de las primeras acciones que implement\u00f3 el Gobierno, dentro del Plan de Modernizaci\u00f3n de las Fuerzas Armadas, fue reducir el ingreso de personal a la conscripci\u00f3n. &nbsp; En abril de 2014, el presidente Rafael Correa dijo que la proyecci\u00f3n es disminuir de 16.000 a 10.000 conscriptos. &nbsp; Para ejemplificar, seg\u00fan datos de la Direcci\u00f3n de Movilizaci\u00f3n del Ecuador, que constan en su informe de rendici\u00f3n de cuentas de 2014; en el a\u00f1o 2010, se acuartel\u00f3 a 20.700 personas y en 2014 a 10.000. Se licenciaron 13.961 militares en el 2010, y 4.570 el a\u00f1o pasado. (I) &nbsp; Fuente: http:\/\/www.eluniverso.com\/noticias\/2015\/12\/15\/nota\/5299657\/baja-filas-ffaa-preocupa-retirados<\/p>\n","protected":false},"author":1,"featured_media":0,"comment_status":"open","ping_status":"open","sticky":false,"template":"","format":"standard","meta":[],"categories":[54,40],"tags":[],"_links":{"self":[{"href":"https:\/\/www.ecuadortimes.net\/es\/wp-json\/wp\/v2\/posts\/236684"}],"collection":[{"href":"https:\/\/www.ecuadortimes.net\/es\/wp-json\/wp\/v2\/posts"}],"about":[{"href":"https:\/\/www.ecuadortimes.net\/es\/wp-json\/wp\/v2\/types\/post"}],"author":[{"embeddable":true,"href":"https:\/\/www.ecuadortimes.net\/es\/wp-json\/wp\/v2\/users\/1"}],"replies":[{"embeddable":true,"href":"https:\/\/www.ecuadortimes.net\/es\/wp-json\/wp\/v2\/comments?post=236684"}],"version-history":[{"count":0,"href":"https:\/\/www.ecuadortimes.net\/es\/wp-json\/wp\/v2\/posts\/236684\/revisions"}],"wp:attachment":[{"href":"https:\/\/www.ecuadortimes.net\/es\/wp-json\/wp\/v2\/media?parent=236684"}],"wp:term":[{"taxonomy":"category","embeddable":true,"href":"https:\/\/www.ecuadortimes.net\/es\/wp-json\/wp\/v2\/categories?post=236684"},{"taxonomy":"post_tag","embeddable":true,"href":"https:\/\/www.ecuadortimes.net\/es\/wp-json\/wp\/v2\/tags?post=236684"}],"curies":[{"name":"wp","href":"https:\/\/api.w.org\/{rel}","templated":true}]}}