{"id":236685,"date":"2015-12-15T00:00:00","date_gmt":"2015-12-15T00:00:00","guid":{"rendered":"https:\/\/www.ecuadortimes.net\/es\/mazda-deja-de-fabricar-en-quito\/"},"modified":"2015-12-15T00:00:00","modified_gmt":"2015-12-15T00:00:00","slug":"mazda-deja-de-fabricar-en-quito","status":"publish","type":"post","link":"https:\/\/www.ecuadortimes.net\/es\/mazda-deja-de-fabricar-en-quito\/","title":{"rendered":"Mazda deja de fabricar en Quito"},"content":{"rendered":"<p>&nbsp;<\/p>\n<div id=\"attachment_171149\" style=\"width: 310px\" class=\"wp-caption aligncenter\"><img aria-describedby=\"caption-attachment-171149\" loading=\"lazy\" class=\"size-medium wp-image-171149\" src=\"https:\/\/www.ecuadortimes.net\/es\/wp-content\/uploads\/2015\/12\/Captura-de-pantalla-2015-12-15-a-las-9.32.35-a.m.-300x192.png\" alt=\"Imagen: El Universo\" width=\"300\" height=\"192\" \/><p id=\"caption-attachment-171149\" class=\"wp-caption-text\">Imagen: El Universo<\/p><\/div>\n<p>Corporaci\u00f3n Maresa, con cuarenta a\u00f1os de trayectoria, anunci\u00f3 ayer a trav\u00e9s de varios medios de comunicaci\u00f3n la suspensi\u00f3n de operaciones de su planta ensambladora ubicada en la Mitad del Mundo. Esta suspensi\u00f3n durar\u00e1 mientras se implementan nuevos proyectos, indic\u00f3 en su comunicado.<\/p>\n<p>&nbsp;<\/p>\n<p>Paralelamente, fueron despedidos al menos 300 empleados de dicha ensambladora, seg\u00fan confirm\u00f3 ayer Jaime Arciniegas, dirigente sindical del Parlamento Laboral Ecuatoriano (PLE), quien mantuvo reuniones con el sector empresarial para buscar garantizar los derechos laborales.<\/p>\n<p>&nbsp;<\/p>\n<p>Arciniegas coment\u00f3 que se propuso alguna f\u00f3rmula de arreglo que inclu\u00eda la recontrataci\u00f3n cuando hubiera una reactivaci\u00f3n de la producci\u00f3n, que no fue aceptada.<\/p>\n<p>&nbsp;<\/p>\n<p>&nbsp;<\/p>\n<p><a href=\"http:\/\/www.eluniverso.com\/noticias\/2015\/12\/15\/nota\/5299600\/frenada-operacion-ensamblaje-maresa\">http:\/\/www.eluniverso.com\/noticias\/2015\/12\/15\/nota\/5299600\/frenada-operacion-ensamblaje-maresa<\/a><\/p>\n","protected":false},"excerpt":{"rendered":"<p>&nbsp; Corporaci\u00f3n Maresa, con cuarenta a\u00f1os de trayectoria, anunci\u00f3 ayer a trav\u00e9s de varios medios de comunicaci\u00f3n la suspensi\u00f3n de operaciones de su planta ensambladora ubicada en la Mitad del Mundo. Esta suspensi\u00f3n durar\u00e1 mientras se implementan nuevos proyectos, indic\u00f3 en su comunicado. &nbsp; Paralelamente, fueron despedidos al menos 300 empleados de dicha ensambladora, seg\u00fan confirm\u00f3 ayer Jaime Arciniegas, dirigente sindical del Parlamento Laboral Ecuatoriano (PLE), quien mantuvo reuniones con el sector empresarial para buscar garantizar los derechos laborales. &nbsp; Arciniegas coment\u00f3 que se propuso alguna f\u00f3rmula de arreglo que inclu\u00eda la recontrataci\u00f3n cuando hubiera una reactivaci\u00f3n de la producci\u00f3n, que no fue aceptada. &nbsp; &nbsp; http:\/\/www.eluniverso.com\/noticias\/2015\/12\/15\/nota\/5299600\/frenada-operacion-ensamblaje-maresa<\/p>\n","protected":false},"author":1,"featured_media":0,"comment_status":"open","ping_status":"open","sticky":false,"template":"","format":"standard","meta":[],"categories":[43],"tags":[],"_links":{"self":[{"href":"https:\/\/www.ecuadortimes.net\/es\/wp-json\/wp\/v2\/posts\/236685"}],"collection":[{"href":"https:\/\/www.ecuadortimes.net\/es\/wp-json\/wp\/v2\/posts"}],"about":[{"href":"https:\/\/www.ecuadortimes.net\/es\/wp-json\/wp\/v2\/types\/post"}],"author":[{"embeddable":true,"href":"https:\/\/www.ecuadortimes.net\/es\/wp-json\/wp\/v2\/users\/1"}],"replies":[{"embeddable":true,"href":"https:\/\/www.ecuadortimes.net\/es\/wp-json\/wp\/v2\/comments?post=236685"}],"version-history":[{"count":0,"href":"https:\/\/www.ecuadortimes.net\/es\/wp-json\/wp\/v2\/posts\/236685\/revisions"}],"wp:attachment":[{"href":"https:\/\/www.ecuadortimes.net\/es\/wp-json\/wp\/v2\/media?parent=236685"}],"wp:term":[{"taxonomy":"category","embeddable":true,"href":"https:\/\/www.ecuadortimes.net\/es\/wp-json\/wp\/v2\/categories?post=236685"},{"taxonomy":"post_tag","embeddable":true,"href":"https:\/\/www.ecuadortimes.net\/es\/wp-json\/wp\/v2\/tags?post=236685"}],"curies":[{"name":"wp","href":"https:\/\/api.w.org\/{rel}","templated":true}]}}