{"id":236690,"date":"2015-12-15T00:00:00","date_gmt":"2015-12-15T00:00:00","guid":{"rendered":"https:\/\/www.ecuadortimes.net\/es\/desarrollo-sube-dos-milesimas-en-ecuador\/"},"modified":"2015-12-15T00:00:00","modified_gmt":"2015-12-15T00:00:00","slug":"desarrollo-sube-dos-milesimas-en-ecuador","status":"publish","type":"post","link":"https:\/\/www.ecuadortimes.net\/es\/desarrollo-sube-dos-milesimas-en-ecuador\/","title":{"rendered":"Desarrollo sube dos mil\u00e9simas en Ecuador"},"content":{"rendered":"<p>&nbsp;<\/p>\n<p style=\"text-align: justify;\"><img loading=\"lazy\" class=\"size-medium wp-image-171161 alignright\" src=\"https:\/\/www.ecuadortimes.net\/es\/wp-content\/uploads\/2015\/12\/indice-de-desarrollo-humano-Ecuadortimes-ecuadornews-300x200.jpg\" alt=\"Hands on a globe\" width=\"300\" height=\"200\" \/>Por segundo a\u00f1o consecutivo, Ecuador se mantiene en el puesto 88 en el ranking de 188 pa\u00edses a los que el Programa de las Naciones Unidas (PNUD) mide el \u00c3\u008dndice de Desarrollo Humano.<\/p>\n<p>&nbsp;<\/p>\n<p style=\"text-align: justify;\">Seg\u00fan el PNUD, con sede en Quito, el pa\u00eds creci\u00f3 dos mil\u00e9simas en desarrollo humano, pero se mantiene en el puesto 88. Es decir, se encuentra por debajo de la media de grupo de pa\u00edses de desarrollo humano alto\u009d, inform\u00f3 ayer el vocero de esta organizaci\u00f3n internacional en el Ecuador, Diego Zorilla.<\/p>\n<p style=\"text-align: justify;\">\n<p style=\"text-align: justify;\">Ese \u00edndice de Ecuador es de 0.732 y se consolida como un pa\u00eds de desarrollo humano alto, ha subido dos mil\u00e9simas respecto al a\u00f1o anterior, que fue de 0.730\u009d, puntualiz\u00f3 el ejecutivo.<\/p>\n<p style=\"text-align: justify;\">\n<p style=\"text-align: justify;\">De acuerdo con el informe, se obtuvo esta calificaci\u00f3n por tres razones: hay un aumento de la esperanza de vida al nacer, de casi 13 a\u00f1os; subi\u00f3 la escolaridad de 2.2 a\u00f1os a 2.4; y creci\u00f3 el poder de adquisici\u00f3n en casi 42%; es decir, el valor de ingreso per c\u00e1pita es de unos $ 200. (I)<\/p>\n<p>&nbsp;<\/p>\n<p>Fuente: <a href=\"http:\/\/www.eluniverso.com\/noticias\/2015\/12\/15\/nota\/5299348\/desarrollo-sube-dos-milesimas-ecuador\">http:\/\/www.eluniverso.com\/noticias\/2015\/12\/15\/nota\/5299348\/desarrollo-sube-dos-milesimas-ecuador<\/a><\/p>\n<p>&nbsp;<\/p>\n","protected":false},"excerpt":{"rendered":"<p>&nbsp; Por segundo a\u00f1o consecutivo, Ecuador se mantiene en el puesto 88 en el ranking de 188 pa\u00edses a los que el Programa de las Naciones Unidas (PNUD) mide el \u00c3\u008dndice de Desarrollo Humano. &nbsp; Seg\u00fan el PNUD, con sede en Quito, el pa\u00eds creci\u00f3 dos mil\u00e9simas en desarrollo humano, pero se mantiene en el puesto 88. Es decir, se encuentra por debajo de la media de grupo de pa\u00edses de desarrollo humano alto\u009d, inform\u00f3 ayer el vocero de esta organizaci\u00f3n internacional en el Ecuador, Diego Zorilla. Ese \u00edndice de Ecuador es de 0.732 y se consolida como un pa\u00eds de desarrollo humano alto, ha subido dos mil\u00e9simas respecto al a\u00f1o anterior, que fue de 0.730\u009d, puntualiz\u00f3 el ejecutivo. De acuerdo con el informe, se obtuvo esta calificaci\u00f3n por tres razones: hay un aumento de la esperanza de vida al nacer, de casi 13 a\u00f1os; subi\u00f3 la escolaridad de 2.2 a\u00f1os a 2.4; y creci\u00f3 el poder de adquisici\u00f3n en casi 42%; es decir, el valor de ingreso per c\u00e1pita es de unos $ 200. (I) &nbsp; Fuente: http:\/\/www.eluniverso.com\/noticias\/2015\/12\/15\/nota\/5299348\/desarrollo-sube-dos-milesimas-ecuador &nbsp;<\/p>\n","protected":false},"author":1,"featured_media":236691,"comment_status":"open","ping_status":"open","sticky":false,"template":"","format":"standard","meta":[],"categories":[54,35],"tags":[],"_links":{"self":[{"href":"https:\/\/www.ecuadortimes.net\/es\/wp-json\/wp\/v2\/posts\/236690"}],"collection":[{"href":"https:\/\/www.ecuadortimes.net\/es\/wp-json\/wp\/v2\/posts"}],"about":[{"href":"https:\/\/www.ecuadortimes.net\/es\/wp-json\/wp\/v2\/types\/post"}],"author":[{"embeddable":true,"href":"https:\/\/www.ecuadortimes.net\/es\/wp-json\/wp\/v2\/users\/1"}],"replies":[{"embeddable":true,"href":"https:\/\/www.ecuadortimes.net\/es\/wp-json\/wp\/v2\/comments?post=236690"}],"version-history":[{"count":0,"href":"https:\/\/www.ecuadortimes.net\/es\/wp-json\/wp\/v2\/posts\/236690\/revisions"}],"wp:featuredmedia":[{"embeddable":true,"href":"https:\/\/www.ecuadortimes.net\/es\/wp-json\/wp\/v2\/media\/236691"}],"wp:attachment":[{"href":"https:\/\/www.ecuadortimes.net\/es\/wp-json\/wp\/v2\/media?parent=236690"}],"wp:term":[{"taxonomy":"category","embeddable":true,"href":"https:\/\/www.ecuadortimes.net\/es\/wp-json\/wp\/v2\/categories?post=236690"},{"taxonomy":"post_tag","embeddable":true,"href":"https:\/\/www.ecuadortimes.net\/es\/wp-json\/wp\/v2\/tags?post=236690"}],"curies":[{"name":"wp","href":"https:\/\/api.w.org\/{rel}","templated":true}]}}