{"id":236694,"date":"2015-12-15T00:00:00","date_gmt":"2015-12-15T00:00:00","guid":{"rendered":"https:\/\/www.ecuadortimes.net\/es\/mayoria-de-universidades-tendra-menos-presupuesto\/"},"modified":"2015-12-15T00:00:00","modified_gmt":"2015-12-15T00:00:00","slug":"mayoria-de-universidades-tendra-menos-presupuesto","status":"publish","type":"post","link":"https:\/\/www.ecuadortimes.net\/es\/mayoria-de-universidades-tendra-menos-presupuesto\/","title":{"rendered":"Mayor\u00eda de universidades tendr\u00e1 menos presupuesto"},"content":{"rendered":"<p>&nbsp;<\/p>\n<div id=\"attachment_171171\" style=\"width: 310px\" class=\"wp-caption aligncenter\"><img aria-describedby=\"caption-attachment-171171\" loading=\"lazy\" class=\"size-medium wp-image-171171\" src=\"https:\/\/www.ecuadortimes.net\/es\/wp-content\/uploads\/2015\/12\/pr03d151215photo01-300x192.jpg\" alt=\"Imagen: El Universo\" width=\"300\" height=\"192\" \/><p id=\"caption-attachment-171171\" class=\"wp-caption-text\">Imagen: El Universo<\/p><\/div>\n<p>&nbsp;<\/p>\n<p>El crecimiento de estudiantes y otras mejoras como un mayor n\u00famero de catedr\u00e1ticos de cuarto nivel y el desarrollo de investigaciones generar\u00e1 un mayor aporte estatal para las universidades, sin embargo, Marcelo Cevallos, miembro del Consejo de Educaci\u00f3n Superior (CES), se\u00f1al\u00f3 que en m\u00e1s de la mitad de ellas disminuir\u00e1 su presupuesto al no existir un crecimiento sustancial y avances en la calidad de los centros de estudios superiores.<\/p>\n<p>&nbsp;<\/p>\n<p>Dijo que una de las universidades que decrecer\u00e1 su presupuesto en el 2016 ser\u00e1 la Universidad de Guayaquil, considerada la m\u00e1s grande del pa\u00eds, pero que en donde tambi\u00e9n ha existido disminuci\u00f3n de estudiantes y que a\u00fan no ha sido acreditada.<\/p>\n<p>&nbsp;<\/p>\n<p>En la Universidad Estatal del Sur de Manab\u00ed (Unesum), sostuvo que sus indicadores muestran un crecimiento en varias \u00e1reas y su presupuesto crecer\u00e1 en un 10% con relaci\u00f3n a lo que percibi\u00f3 durante este 2015, recursos que surgen del Fondo Permanente de Desarrollo Universitario y Polit\u00e9cnico, que este a\u00f1o represent\u00f3 un rubro de $ 1.285 millones y que se alimenta de los impuestos al Valor Agregado y Renta.<\/p>\n<p>&nbsp;<\/p>\n<p>Se\u00f1al\u00f3 que la Unesum ha tenido crecimientos desde el n\u00famero de estudiantes del 2012, cuando hab\u00eda 3.000 estudiantes y en la actualidad reporta 5.000. Ellos elegir\u00e1n el 21 de diciembre a sus representantes ante el Consejo Universitario. (I)<\/p>\n<p>Fuente: <a href=\"http:\/\/www.eluniverso.com\/noticias\/2015\/12\/15\/nota\/5299360\/mayoria-universidades-tendra-menos-presupuesto\">http:\/\/www.eluniverso.com\/noticias\/2015\/12\/15\/nota\/5299360\/mayoria-universidades-tendra-menos-presupuesto<\/a><\/p>\n","protected":false},"excerpt":{"rendered":"<p>&nbsp; &nbsp; El crecimiento de estudiantes y otras mejoras como un mayor n\u00famero de catedr\u00e1ticos de cuarto nivel y el desarrollo de investigaciones generar\u00e1 un mayor aporte estatal para las universidades, sin embargo, Marcelo Cevallos, miembro del Consejo de Educaci\u00f3n Superior (CES), se\u00f1al\u00f3 que en m\u00e1s de la mitad de ellas disminuir\u00e1 su presupuesto al no existir un crecimiento sustancial y avances en la calidad de los centros de estudios superiores. &nbsp; Dijo que una de las universidades que decrecer\u00e1 su presupuesto en el 2016 ser\u00e1 la Universidad de Guayaquil, considerada la m\u00e1s grande del pa\u00eds, pero que en donde tambi\u00e9n ha existido disminuci\u00f3n de estudiantes y que a\u00fan no ha sido acreditada. &nbsp; En la Universidad Estatal del Sur de Manab\u00ed (Unesum), sostuvo que sus indicadores muestran un crecimiento en varias \u00e1reas y su presupuesto crecer\u00e1 en un 10% con relaci\u00f3n a lo que percibi\u00f3 durante este 2015, recursos que surgen del Fondo Permanente de Desarrollo Universitario y Polit\u00e9cnico, que este a\u00f1o represent\u00f3 un rubro de $ 1.285 millones y que se alimenta de los impuestos al Valor Agregado y Renta. &nbsp; Se\u00f1al\u00f3 que la Unesum ha tenido crecimientos desde el n\u00famero de estudiantes del 2012, cuando hab\u00eda 3.000 estudiantes y en la actualidad reporta 5.000. Ellos elegir\u00e1n el 21 de diciembre a sus representantes ante el Consejo Universitario. (I) Fuente: http:\/\/www.eluniverso.com\/noticias\/2015\/12\/15\/nota\/5299360\/mayoria-universidades-tendra-menos-presupuesto<\/p>\n","protected":false},"author":1,"featured_media":236695,"comment_status":"open","ping_status":"open","sticky":false,"template":"","format":"standard","meta":[],"categories":[43],"tags":[],"_links":{"self":[{"href":"https:\/\/www.ecuadortimes.net\/es\/wp-json\/wp\/v2\/posts\/236694"}],"collection":[{"href":"https:\/\/www.ecuadortimes.net\/es\/wp-json\/wp\/v2\/posts"}],"about":[{"href":"https:\/\/www.ecuadortimes.net\/es\/wp-json\/wp\/v2\/types\/post"}],"author":[{"embeddable":true,"href":"https:\/\/www.ecuadortimes.net\/es\/wp-json\/wp\/v2\/users\/1"}],"replies":[{"embeddable":true,"href":"https:\/\/www.ecuadortimes.net\/es\/wp-json\/wp\/v2\/comments?post=236694"}],"version-history":[{"count":0,"href":"https:\/\/www.ecuadortimes.net\/es\/wp-json\/wp\/v2\/posts\/236694\/revisions"}],"wp:featuredmedia":[{"embeddable":true,"href":"https:\/\/www.ecuadortimes.net\/es\/wp-json\/wp\/v2\/media\/236695"}],"wp:attachment":[{"href":"https:\/\/www.ecuadortimes.net\/es\/wp-json\/wp\/v2\/media?parent=236694"}],"wp:term":[{"taxonomy":"category","embeddable":true,"href":"https:\/\/www.ecuadortimes.net\/es\/wp-json\/wp\/v2\/categories?post=236694"},{"taxonomy":"post_tag","embeddable":true,"href":"https:\/\/www.ecuadortimes.net\/es\/wp-json\/wp\/v2\/tags?post=236694"}],"curies":[{"name":"wp","href":"https:\/\/api.w.org\/{rel}","templated":true}]}}