{"id":236698,"date":"2015-12-15T00:00:00","date_gmt":"2015-12-15T00:00:00","guid":{"rendered":"https:\/\/www.ecuadortimes.net\/es\/yachay-ep-absorbe-a-otra-empresa-publica\/"},"modified":"2015-12-15T00:00:00","modified_gmt":"2015-12-15T00:00:00","slug":"yachay-ep-absorbe-a-otra-empresa-publica","status":"publish","type":"post","link":"https:\/\/www.ecuadortimes.net\/es\/yachay-ep-absorbe-a-otra-empresa-publica\/","title":{"rendered":"Yachay EP absorbe a otra empresa p\u00fablica"},"content":{"rendered":"<p><img loading=\"lazy\" class=\"alignleft size-full wp-image-171189\" src=\"https:\/\/www.ecuadortimes.net\/es\/wp-content\/uploads\/2015\/12\/yachay-ecuadornews.ecuadortimes.jpg\" alt=\"yachay-ecuadornews.ecuadortimes\" width=\"275\" height=\"183\" \/>Fueron menos de dos a\u00f1os de vida. La empresa p\u00fablica de Desarrollo Econ\u00f3mico Eloy Alfaro (<strong>Azede EP<\/strong>) fue absorbida por <strong>Yachay EP<\/strong> por orden del presidente <strong>Rafael Correa<\/strong>. Ayer se emiti\u00f3 el Decreto Ejecutivo 845 que sell\u00f3 el destino de la entidad a cargo de impulsar proyectos en la zona donde debe construirse la <strong>Refiner\u00eda del Pac\u00edfico<\/strong>.<\/p>\n<p>Esa obra, retrasada hasta completar su financiamiento y encontrar un socio que invierta m\u00e1s de 11.000 millones de d\u00f3lares, fue el \u00fanico gran proyecto de la Azede.<\/p>\n<p>La empresa, que no cuenta con un portal web, registra algunos encuentros con el Instituto Petroqu\u00edmico Ecuatoriano y la Asociaci\u00f3n Petroqu\u00edmica y Qu\u00edmica Latinoamericana.<\/p>\n<p>Seg\u00fan especifica el decreto, Yachay tiene 90 d\u00edas para evaluar los mecanismos de fusi\u00f3n.<\/p>\n<p>Fuente:\u00a0http:\/\/expreso.ec\/expreso\/plantillas\/nota.aspx?idart=8743077&amp;idcat=38473&amp;tipo=2<\/p>\n","protected":false},"excerpt":{"rendered":"<p>Fueron menos de dos a\u00f1os de vida. La empresa p\u00fablica de Desarrollo Econ\u00f3mico Eloy Alfaro (Azede EP) fue absorbida por Yachay EP por orden del presidente Rafael Correa. Ayer se emiti\u00f3 el Decreto Ejecutivo 845 que sell\u00f3 el destino de la entidad a cargo de impulsar proyectos en la zona donde debe construirse la Refiner\u00eda del Pac\u00edfico. Esa obra, retrasada hasta completar su financiamiento y encontrar un socio que invierta m\u00e1s de 11.000 millones de d\u00f3lares, fue el \u00fanico gran proyecto de la Azede. La empresa, que no cuenta con un portal web, registra algunos encuentros con el Instituto Petroqu\u00edmico Ecuatoriano y la Asociaci\u00f3n Petroqu\u00edmica y Qu\u00edmica Latinoamericana. Seg\u00fan especifica el decreto, Yachay tiene 90 d\u00edas para evaluar los mecanismos de fusi\u00f3n. Fuente:\u00a0http:\/\/expreso.ec\/expreso\/plantillas\/nota.aspx?idart=8743077&amp;idcat=38473&amp;tipo=2<\/p>\n","protected":false},"author":1,"featured_media":236699,"comment_status":"open","ping_status":"open","sticky":false,"template":"","format":"standard","meta":[],"categories":[43,37],"tags":[],"_links":{"self":[{"href":"https:\/\/www.ecuadortimes.net\/es\/wp-json\/wp\/v2\/posts\/236698"}],"collection":[{"href":"https:\/\/www.ecuadortimes.net\/es\/wp-json\/wp\/v2\/posts"}],"about":[{"href":"https:\/\/www.ecuadortimes.net\/es\/wp-json\/wp\/v2\/types\/post"}],"author":[{"embeddable":true,"href":"https:\/\/www.ecuadortimes.net\/es\/wp-json\/wp\/v2\/users\/1"}],"replies":[{"embeddable":true,"href":"https:\/\/www.ecuadortimes.net\/es\/wp-json\/wp\/v2\/comments?post=236698"}],"version-history":[{"count":0,"href":"https:\/\/www.ecuadortimes.net\/es\/wp-json\/wp\/v2\/posts\/236698\/revisions"}],"wp:featuredmedia":[{"embeddable":true,"href":"https:\/\/www.ecuadortimes.net\/es\/wp-json\/wp\/v2\/media\/236699"}],"wp:attachment":[{"href":"https:\/\/www.ecuadortimes.net\/es\/wp-json\/wp\/v2\/media?parent=236698"}],"wp:term":[{"taxonomy":"category","embeddable":true,"href":"https:\/\/www.ecuadortimes.net\/es\/wp-json\/wp\/v2\/categories?post=236698"},{"taxonomy":"post_tag","embeddable":true,"href":"https:\/\/www.ecuadortimes.net\/es\/wp-json\/wp\/v2\/tags?post=236698"}],"curies":[{"name":"wp","href":"https:\/\/api.w.org\/{rel}","templated":true}]}}