{"id":236701,"date":"2015-12-15T00:00:00","date_gmt":"2015-12-15T00:00:00","guid":{"rendered":"https:\/\/www.ecuadortimes.net\/es\/el-interrogatorio-de-assange-con-luz-verde\/"},"modified":"2015-12-15T00:00:00","modified_gmt":"2015-12-15T00:00:00","slug":"el-interrogatorio-de-assange-con-luz-verde","status":"publish","type":"post","link":"https:\/\/www.ecuadortimes.net\/es\/el-interrogatorio-de-assange-con-luz-verde\/","title":{"rendered":"El interrogatorio de Assange, con luz verde"},"content":{"rendered":"<p>&nbsp;<\/p>\n<p style=\"text-align: justify;\"><img loading=\"lazy\" class=\"size-medium wp-image-171183 alignright\" src=\"https:\/\/www.ecuadortimes.net\/es\/wp-content\/uploads\/2015\/12\/Julian-Assange-en-la-sede-de-la-embajada-de-Ecuador-en-Londres-ecuadortimes-ecuadornews-300x187.jpg\" alt=\"Julian-Assange-en-la-sede-de-la-embajada-de-Ecuador-en-Londres-ecuadortimes-ecuadornews\" width=\"300\" height=\"187\" \/>La noticia gener\u00f3 buenas reacciones. El canciller Ricardo Pati\u00f1o y el abogado defensor de Julian Assange, Baltazar Garz\u00f3n, consideran que el acuerdo legal-penal entre Ecuador y Suecia es un paso importante para que el fundador de Wikileaks rinda su declaraci\u00f3n a la justicia sueca, sin dejar la embajada de Ecuador, en Londres.<\/p>\n<p style=\"text-align: justify;\">\n<p style=\"text-align: justify;\">Pati\u00f1o explic\u00f3 que el acuerdo binacional no es solo para que el experto inform\u00e1tico comparezca ante Suecia. Reconoci\u00f3, sin embargo, que ese es el principal punto de inter\u00e9s.<\/p>\n<p style=\"text-align: justify;\">\n<p style=\"text-align: justify;\">Pati\u00f1o agreg\u00f3 que &#8220;los temas que se traten en nuestra embajada implica tratarlos con la jurisdicci\u00f3n de Ecuador&#8221;.<\/p>\n<p style=\"text-align: justify;\">\n<p style=\"text-align: justify;\">Garz\u00f3n, de su parte, resalt\u00f3 que el acuerdo es una muestra de que se respetar\u00e1n los derechos humanos de Assange. Entre 2009 y 2010, \u00e9l divulg\u00f3 m\u00e1s de 250.000 cables diplom\u00e1ticos de Estados Unidos y es acusado de acoso sexual en Suecia.<\/p>\n<p>&nbsp;<\/p>\n<p>El acuerdo, que se concret\u00f3 el viernes, garantiza respeto a los derechos de los interrogados. (I)<\/p>\n<p>Fuente: <a href=\"http:\/\/expreso.ec\/expreso\/plantillas\/nota.aspx?idart=8743076&amp;idcat=38473&amp;tipo=2\">http:\/\/expreso.ec\/expreso\/plantillas\/nota.aspx?idart=8743076&amp;idcat=38473&amp;tipo=2<\/a><\/p>\n","protected":false},"excerpt":{"rendered":"<p>&nbsp; La noticia gener\u00f3 buenas reacciones. El canciller Ricardo Pati\u00f1o y el abogado defensor de Julian Assange, Baltazar Garz\u00f3n, consideran que el acuerdo legal-penal entre Ecuador y Suecia es un paso importante para que el fundador de Wikileaks rinda su declaraci\u00f3n a la justicia sueca, sin dejar la embajada de Ecuador, en Londres. Pati\u00f1o explic\u00f3 que el acuerdo binacional no es solo para que el experto inform\u00e1tico comparezca ante Suecia. Reconoci\u00f3, sin embargo, que ese es el principal punto de inter\u00e9s. Pati\u00f1o agreg\u00f3 que &#8220;los temas que se traten en nuestra embajada implica tratarlos con la jurisdicci\u00f3n de Ecuador&#8221;. Garz\u00f3n, de su parte, resalt\u00f3 que el acuerdo es una muestra de que se respetar\u00e1n los derechos humanos de Assange. Entre 2009 y 2010, \u00e9l divulg\u00f3 m\u00e1s de 250.000 cables diplom\u00e1ticos de Estados Unidos y es acusado de acoso sexual en Suecia. &nbsp; El acuerdo, que se concret\u00f3 el viernes, garantiza respeto a los derechos de los interrogados. (I) Fuente: http:\/\/expreso.ec\/expreso\/plantillas\/nota.aspx?idart=8743076&amp;idcat=38473&amp;tipo=2<\/p>\n","protected":false},"author":1,"featured_media":236702,"comment_status":"open","ping_status":"open","sticky":false,"template":"","format":"standard","meta":[],"categories":[54,34,40],"tags":[],"_links":{"self":[{"href":"https:\/\/www.ecuadortimes.net\/es\/wp-json\/wp\/v2\/posts\/236701"}],"collection":[{"href":"https:\/\/www.ecuadortimes.net\/es\/wp-json\/wp\/v2\/posts"}],"about":[{"href":"https:\/\/www.ecuadortimes.net\/es\/wp-json\/wp\/v2\/types\/post"}],"author":[{"embeddable":true,"href":"https:\/\/www.ecuadortimes.net\/es\/wp-json\/wp\/v2\/users\/1"}],"replies":[{"embeddable":true,"href":"https:\/\/www.ecuadortimes.net\/es\/wp-json\/wp\/v2\/comments?post=236701"}],"version-history":[{"count":0,"href":"https:\/\/www.ecuadortimes.net\/es\/wp-json\/wp\/v2\/posts\/236701\/revisions"}],"wp:featuredmedia":[{"embeddable":true,"href":"https:\/\/www.ecuadortimes.net\/es\/wp-json\/wp\/v2\/media\/236702"}],"wp:attachment":[{"href":"https:\/\/www.ecuadortimes.net\/es\/wp-json\/wp\/v2\/media?parent=236701"}],"wp:term":[{"taxonomy":"category","embeddable":true,"href":"https:\/\/www.ecuadortimes.net\/es\/wp-json\/wp\/v2\/categories?post=236701"},{"taxonomy":"post_tag","embeddable":true,"href":"https:\/\/www.ecuadortimes.net\/es\/wp-json\/wp\/v2\/tags?post=236701"}],"curies":[{"name":"wp","href":"https:\/\/api.w.org\/{rel}","templated":true}]}}