{"id":236703,"date":"2015-12-15T00:00:00","date_gmt":"2015-12-15T00:00:00","guid":{"rendered":"https:\/\/www.ecuadortimes.net\/es\/ministro-de-ambiente-pesimista-frente-a-resultado-en-cumbre-del-clima\/"},"modified":"2015-12-15T00:00:00","modified_gmt":"2015-12-15T00:00:00","slug":"ministro-de-ambiente-pesimista-frente-a-resultado-en-cumbre-del-clima","status":"publish","type":"post","link":"https:\/\/www.ecuadortimes.net\/es\/ministro-de-ambiente-pesimista-frente-a-resultado-en-cumbre-del-clima\/","title":{"rendered":"Ministro de Ambiente pesimista frente a resultado en cumbre del clima"},"content":{"rendered":"<p style=\"text-align: justify;\"><img loading=\"lazy\" class=\"alignleft size-medium wp-image-171193\" src=\"https:\/\/www.ecuadortimes.net\/es\/wp-content\/uploads\/2015\/12\/ministroambiente-ecuadortimes-ecuadornews-300x167.jpeg\" alt=\"ministroambiente-ecuadortimes-ecuadornews\" width=\"300\" height=\"167\" \/><strong>Daniel Ortega<\/strong>, m<strong>inistro de Ambiente<\/strong>, ve con escepticismo la Convenci\u00f3n Marco sobre el <strong>Cambio Clim\u00e1tico<\/strong>, aprobada el s\u00e1bado en par\u00eds.<\/p>\n<p style=\"text-align: justify;\">\u00c3\u0089l lleg\u00f3 la madrugada de ayer a <strong>Ecuador<\/strong>. Tuvo una reuni\u00f3n, cont\u00f3 con ni\u00f1os y j\u00f3venes, y compareci\u00f3 ante la prensa al mediod\u00eda. Habl\u00f3 durante 16 minutos. Contest\u00f3 tres preguntas. Ten\u00eda la agenda copada, justificaron.<\/p>\n<p style=\"text-align: justify;\">Menciona que una de sus dudas es que el documento a\u00fan no es vinculante. Para que sea de obligatorio cumplimiento debe ser ratificado por 50 pa\u00edses y estos deben representar m\u00e1s del 50 % de las emisiones globales. Y los antecedentes no son halagadores.<\/p>\n<p style=\"text-align: justify;\">Ecuador, dijo Ortega, ratificar\u00e1 el documento lo m\u00e1s pronto posible. Es un tr\u00e1mite que le corresponde a la <strong>Asamblea<\/strong>.<\/p>\n<p style=\"text-align: justify;\">La segunda duda: el financiamiento. &#8220;El acuerdo carece completamente de claridad sobre los recursos econ\u00f3micos y tecnol\u00f3gicos&#8221;, dijo el ministro.<\/p>\n<p style=\"text-align: justify;\">En <strong>Par\u00eds<\/strong> se estableci\u00f3 como objetivo movilizar $ 100.000 millones hasta 2025. Seg\u00fan Ortega, hasta ahora solo se ha movilizado el 10 % y para implementar las acciones de reducci\u00f3n se necesitan tres billones de d\u00f3lares.<\/p>\n<p style=\"text-align: justify;\">Su tercera duda es la meta mundial para estabilizar las temperaturas en 1,5 grados de incremento. Pero los compromisos adquiridos por los pa\u00edses participantes conducen a un incremento de tres grados.<\/p>\n<p style=\"text-align: justify;\">Mientras que en \u00a0Ecuador destac\u00f3 como positivos los avances locales. Mencion\u00f3 que, a finales de 2016, el 93 % de la energ\u00eda provendr\u00e1 de fuentes renovables; la conservaci\u00f3n de los bosques y las \u00e1reas protegidas. A futuro, el Gobierno revisar\u00e1 el plan y la estrategia nacional \u0093que incluye al sector privado\u0093y &#8220;estaremos vigilantes&#8221;, advirti\u00f3, que se cumplan los acuerdos.<\/p>\n<p style=\"text-align: justify;\">Fuente:\u00a0http:\/\/expreso.ec\/expreso\/plantillas\/nota.aspx?idart=8743055&amp;idcat=38473&amp;tipo=2<\/p>\n","protected":false},"excerpt":{"rendered":"<p>Daniel Ortega, ministro de Ambiente, ve con escepticismo la Convenci\u00f3n Marco sobre el Cambio Clim\u00e1tico, aprobada el s\u00e1bado en par\u00eds. \u00c3\u0089l lleg\u00f3 la madrugada de ayer a Ecuador. Tuvo una reuni\u00f3n, cont\u00f3 con ni\u00f1os y j\u00f3venes, y compareci\u00f3 ante la prensa al mediod\u00eda. Habl\u00f3 durante 16 minutos. Contest\u00f3 tres preguntas. Ten\u00eda la agenda copada, justificaron. Menciona que una de sus dudas es que el documento a\u00fan no es vinculante. Para que sea de obligatorio cumplimiento debe ser ratificado por 50 pa\u00edses y estos deben representar m\u00e1s del 50 % de las emisiones globales. Y los antecedentes no son halagadores. Ecuador, dijo Ortega, ratificar\u00e1 el documento lo m\u00e1s pronto posible. Es un tr\u00e1mite que le corresponde a la Asamblea. La segunda duda: el financiamiento. &#8220;El acuerdo carece completamente de claridad sobre los recursos econ\u00f3micos y tecnol\u00f3gicos&#8221;, dijo el ministro. En Par\u00eds se estableci\u00f3 como objetivo movilizar $ 100.000 millones hasta 2025. Seg\u00fan Ortega, hasta ahora solo se ha movilizado el 10 % y para implementar las acciones de reducci\u00f3n se necesitan tres billones de d\u00f3lares. Su tercera duda es la meta mundial para estabilizar las temperaturas en 1,5 grados de incremento. Pero los compromisos adquiridos por los pa\u00edses participantes conducen a un incremento de tres grados. Mientras que en \u00a0Ecuador destac\u00f3 como positivos los avances locales. Mencion\u00f3 que, a finales de 2016, el 93 % de la energ\u00eda provendr\u00e1 de fuentes renovables; la conservaci\u00f3n de los bosques y las \u00e1reas protegidas. A futuro, el Gobierno revisar\u00e1 el plan y la estrategia nacional \u0093que incluye al sector privado\u0093y &#8220;estaremos vigilantes&#8221;, advirti\u00f3, que se cumplan los acuerdos. Fuente:\u00a0http:\/\/expreso.ec\/expreso\/plantillas\/nota.aspx?idart=8743055&amp;idcat=38473&amp;tipo=2<\/p>\n","protected":false},"author":1,"featured_media":236704,"comment_status":"open","ping_status":"open","sticky":false,"template":"","format":"standard","meta":[],"categories":[40,37],"tags":[],"_links":{"self":[{"href":"https:\/\/www.ecuadortimes.net\/es\/wp-json\/wp\/v2\/posts\/236703"}],"collection":[{"href":"https:\/\/www.ecuadortimes.net\/es\/wp-json\/wp\/v2\/posts"}],"about":[{"href":"https:\/\/www.ecuadortimes.net\/es\/wp-json\/wp\/v2\/types\/post"}],"author":[{"embeddable":true,"href":"https:\/\/www.ecuadortimes.net\/es\/wp-json\/wp\/v2\/users\/1"}],"replies":[{"embeddable":true,"href":"https:\/\/www.ecuadortimes.net\/es\/wp-json\/wp\/v2\/comments?post=236703"}],"version-history":[{"count":0,"href":"https:\/\/www.ecuadortimes.net\/es\/wp-json\/wp\/v2\/posts\/236703\/revisions"}],"wp:featuredmedia":[{"embeddable":true,"href":"https:\/\/www.ecuadortimes.net\/es\/wp-json\/wp\/v2\/media\/236704"}],"wp:attachment":[{"href":"https:\/\/www.ecuadortimes.net\/es\/wp-json\/wp\/v2\/media?parent=236703"}],"wp:term":[{"taxonomy":"category","embeddable":true,"href":"https:\/\/www.ecuadortimes.net\/es\/wp-json\/wp\/v2\/categories?post=236703"},{"taxonomy":"post_tag","embeddable":true,"href":"https:\/\/www.ecuadortimes.net\/es\/wp-json\/wp\/v2\/tags?post=236703"}],"curies":[{"name":"wp","href":"https:\/\/api.w.org\/{rel}","templated":true}]}}