{"id":236713,"date":"2015-12-16T00:00:00","date_gmt":"2015-12-16T00:00:00","guid":{"rendered":"https:\/\/www.ecuadortimes.net\/es\/alianza-pais-suspende-por-seis-meses-fernando-bustamante\/"},"modified":"2015-12-16T00:00:00","modified_gmt":"2015-12-16T00:00:00","slug":"alianza-pais-suspende-por-seis-meses-fernando-bustamante","status":"publish","type":"post","link":"https:\/\/www.ecuadortimes.net\/es\/alianza-pais-suspende-por-seis-meses-fernando-bustamante\/","title":{"rendered":"Alianza PAIS suspende por seis meses Fernando Bustamante"},"content":{"rendered":"<p><img loading=\"lazy\" class=\"size-medium wp-image-171215 aligncenter\" src=\"https:\/\/www.ecuadortimes.net\/es\/wp-content\/uploads\/2015\/12\/fernando_bustamante210114-ecuadortimes-ecuadornews-300x145.jpg\" alt=\"fernando_bustamante210114-ecuadortimes-ecuadornews\" width=\"300\" height=\"145\" \/><\/p>\n<p style=\"text-align: justify;\">Por seis meses, el asamble\u00edsta oficialista Fernando Bustamante tendr\u00e1 suspendidos sus derechos de adherente permanente del movimiento Alianza PAIS (AP).<\/p>\n<p style=\"text-align: justify;\">\n<p style=\"text-align: justify;\">La Comisi\u00f3n de \u00c3\u0089tica de esta organizaci\u00f3n pol\u00edtica decidi\u00f3 adem\u00e1s que su alterna, Victoria Paredes, se titularice por un mes en la curul. Y fue excluido como miembro de la Comisi\u00f3n de Relaciones Internacionales de AP, seg\u00fan confirm\u00f3 ayer el legislador y jefe de bancada, Fausto Cayambe.<\/p>\n<p style=\"text-align: justify;\">\n<p style=\"text-align: justify;\">La medida se tom\u00f3 luego de que Bustamante, presidente de la Comisi\u00f3n de Soberan\u00eda y Relaciones Internacionales del Legislativo, se abstuviera de votar por las quince enmiendas constitucionales, aprobadas el 4 de diciembre pasado.<\/p>\n<p style=\"text-align: justify;\">\n<p>A Bustamante le preocupaban las actividades de las Fuerzas Armadas en la seguridad interna, la reelecci\u00f3n presidencial indefinida, la comunicaci\u00f3n como servicio p\u00fablico y la reducci\u00f3n de las atribuciones a los gobiernos locales. Era un momento que ten\u00eda que dar testimonio de mis valores aunque fuese violando la disciplina partidaria y lo hice\u009d, dijo en una entrevista a diario El Universo. (I)<\/p>\n<p>&nbsp;<\/p>\n<p>Fuente: <a href=\"http:\/\/www.eluniverso.com\/noticias\/2015\/12\/16\/nota\/5300832\/oficialistas-suspenden-seis-meses-bustamante\">http:\/\/www.eluniverso.com\/noticias\/2015\/12\/16\/nota\/5300832\/oficialistas-suspenden-seis-meses-bustamante<\/a><\/p>\n","protected":false},"excerpt":{"rendered":"<p>Por seis meses, el asamble\u00edsta oficialista Fernando Bustamante tendr\u00e1 suspendidos sus derechos de adherente permanente del movimiento Alianza PAIS (AP). La Comisi\u00f3n de \u00c3\u0089tica de esta organizaci\u00f3n pol\u00edtica decidi\u00f3 adem\u00e1s que su alterna, Victoria Paredes, se titularice por un mes en la curul. Y fue excluido como miembro de la Comisi\u00f3n de Relaciones Internacionales de AP, seg\u00fan confirm\u00f3 ayer el legislador y jefe de bancada, Fausto Cayambe. La medida se tom\u00f3 luego de que Bustamante, presidente de la Comisi\u00f3n de Soberan\u00eda y Relaciones Internacionales del Legislativo, se abstuviera de votar por las quince enmiendas constitucionales, aprobadas el 4 de diciembre pasado. A Bustamante le preocupaban las actividades de las Fuerzas Armadas en la seguridad interna, la reelecci\u00f3n presidencial indefinida, la comunicaci\u00f3n como servicio p\u00fablico y la reducci\u00f3n de las atribuciones a los gobiernos locales. Era un momento que ten\u00eda que dar testimonio de mis valores aunque fuese violando la disciplina partidaria y lo hice\u009d, dijo en una entrevista a diario El Universo. (I) &nbsp; Fuente: http:\/\/www.eluniverso.com\/noticias\/2015\/12\/16\/nota\/5300832\/oficialistas-suspenden-seis-meses-bustamante<\/p>\n","protected":false},"author":1,"featured_media":236714,"comment_status":"open","ping_status":"open","sticky":false,"template":"","format":"standard","meta":[],"categories":[40],"tags":[],"_links":{"self":[{"href":"https:\/\/www.ecuadortimes.net\/es\/wp-json\/wp\/v2\/posts\/236713"}],"collection":[{"href":"https:\/\/www.ecuadortimes.net\/es\/wp-json\/wp\/v2\/posts"}],"about":[{"href":"https:\/\/www.ecuadortimes.net\/es\/wp-json\/wp\/v2\/types\/post"}],"author":[{"embeddable":true,"href":"https:\/\/www.ecuadortimes.net\/es\/wp-json\/wp\/v2\/users\/1"}],"replies":[{"embeddable":true,"href":"https:\/\/www.ecuadortimes.net\/es\/wp-json\/wp\/v2\/comments?post=236713"}],"version-history":[{"count":0,"href":"https:\/\/www.ecuadortimes.net\/es\/wp-json\/wp\/v2\/posts\/236713\/revisions"}],"wp:featuredmedia":[{"embeddable":true,"href":"https:\/\/www.ecuadortimes.net\/es\/wp-json\/wp\/v2\/media\/236714"}],"wp:attachment":[{"href":"https:\/\/www.ecuadortimes.net\/es\/wp-json\/wp\/v2\/media?parent=236713"}],"wp:term":[{"taxonomy":"category","embeddable":true,"href":"https:\/\/www.ecuadortimes.net\/es\/wp-json\/wp\/v2\/categories?post=236713"},{"taxonomy":"post_tag","embeddable":true,"href":"https:\/\/www.ecuadortimes.net\/es\/wp-json\/wp\/v2\/tags?post=236713"}],"curies":[{"name":"wp","href":"https:\/\/api.w.org\/{rel}","templated":true}]}}