{"id":236715,"date":"2015-12-16T00:00:00","date_gmt":"2015-12-16T00:00:00","guid":{"rendered":"https:\/\/www.ecuadortimes.net\/es\/corte-conoce-hoy-enmiendas-aprobadas-por-la-asamblea-nacional\/"},"modified":"2015-12-16T00:00:00","modified_gmt":"2015-12-16T00:00:00","slug":"corte-conoce-hoy-enmiendas-aprobadas-por-la-asamblea-nacional","status":"publish","type":"post","link":"https:\/\/www.ecuadortimes.net\/es\/corte-conoce-hoy-enmiendas-aprobadas-por-la-asamblea-nacional\/","title":{"rendered":"Corte conoce hoy enmiendas aprobadas por la Asamblea Nacional"},"content":{"rendered":"<p>&nbsp;<\/p>\n<div id=\"attachment_171214\" style=\"width: 310px\" class=\"wp-caption aligncenter\"><img aria-describedby=\"caption-attachment-171214\" loading=\"lazy\" class=\"size-medium wp-image-171214\" src=\"https:\/\/www.ecuadortimes.net\/es\/wp-content\/uploads\/2015\/12\/ENMIENDAS-ECUADORTIMS-ECUADORNEWS-300x175.jpg\" alt=\"Imagen: El Universo\" width=\"300\" height=\"175\" \/><p id=\"caption-attachment-171214\" class=\"wp-caption-text\">Imagen: El Universo<\/p><\/div>\n<p style=\"text-align: justify;\">La Corte Constitucional (CC) \u0098verifica\u0099 hoy si el proyecto de enmiendas a la Constituci\u00f3n aprobado por la Asamblea, el pasado 3 de diciembre, se enmarca en el dictamen que hab\u00eda dictado para dicho tr\u00e1mite.<\/p>\n<p style=\"text-align: justify;\">\n<p style=\"text-align: justify;\">El pleno conocer\u00e1 el tema en la sesi\u00f3n ordinaria que el presidente de la CC, Alfredo Ruiz, ha convocado desde las 09:30.<\/p>\n<p style=\"text-align: justify;\">\n<p style=\"text-align: justify;\">Seg\u00fan el portal institucional, el orden del d\u00eda contiene diez puntos; el sexto es la verificaci\u00f3n de cumplimiento de sentencias\u009d, y all\u00ed se refieren seis.<\/p>\n<p style=\"text-align: justify;\">\n<p style=\"text-align: justify;\">La del c\u00f3digo 0001-14-RC alude al caso de las enmiendas.<\/p>\n<p style=\"text-align: justify;\">\n<p style=\"text-align: justify;\">En el bloque de Alianza PAIS, que impuls\u00f3 el proyecto, hay expectativa sobre el pronunciamiento de la Corte.<\/p>\n<p style=\"text-align: justify;\">\n<p style=\"text-align: justify;\">Uno de sus coordinadores, el asamble\u00edsta Fausto Cayambe, indic\u00f3 que la normativa indica que el organismo debe ejercer un control constitucional antes y despu\u00e9s\u009d del dictamen que viabiliz\u00f3 el tr\u00e1mite. (I)<\/p>\n<p style=\"text-align: justify;\">Fuente: <a href=\"http:\/\/www.eluniverso.com\/noticias\/2015\/12\/16\/nota\/5300847\/corte-conoce-hoy-enmiendas-aprobadas-asamblea\">http:\/\/www.eluniverso.com\/noticias\/2015\/12\/16\/nota\/5300847\/corte-conoce-hoy-enmiendas-aprobadas-asamblea<\/a><\/p>\n<p style=\"text-align: justify;\">\n","protected":false},"excerpt":{"rendered":"<p>&nbsp; La Corte Constitucional (CC) \u0098verifica\u0099 hoy si el proyecto de enmiendas a la Constituci\u00f3n aprobado por la Asamblea, el pasado 3 de diciembre, se enmarca en el dictamen que hab\u00eda dictado para dicho tr\u00e1mite. El pleno conocer\u00e1 el tema en la sesi\u00f3n ordinaria que el presidente de la CC, Alfredo Ruiz, ha convocado desde las 09:30. Seg\u00fan el portal institucional, el orden del d\u00eda contiene diez puntos; el sexto es la verificaci\u00f3n de cumplimiento de sentencias\u009d, y all\u00ed se refieren seis. La del c\u00f3digo 0001-14-RC alude al caso de las enmiendas. En el bloque de Alianza PAIS, que impuls\u00f3 el proyecto, hay expectativa sobre el pronunciamiento de la Corte. Uno de sus coordinadores, el asamble\u00edsta Fausto Cayambe, indic\u00f3 que la normativa indica que el organismo debe ejercer un control constitucional antes y despu\u00e9s\u009d del dictamen que viabiliz\u00f3 el tr\u00e1mite. (I) Fuente: http:\/\/www.eluniverso.com\/noticias\/2015\/12\/16\/nota\/5300847\/corte-conoce-hoy-enmiendas-aprobadas-asamblea<\/p>\n","protected":false},"author":1,"featured_media":236716,"comment_status":"open","ping_status":"open","sticky":false,"template":"","format":"standard","meta":[],"categories":[54,40],"tags":[],"_links":{"self":[{"href":"https:\/\/www.ecuadortimes.net\/es\/wp-json\/wp\/v2\/posts\/236715"}],"collection":[{"href":"https:\/\/www.ecuadortimes.net\/es\/wp-json\/wp\/v2\/posts"}],"about":[{"href":"https:\/\/www.ecuadortimes.net\/es\/wp-json\/wp\/v2\/types\/post"}],"author":[{"embeddable":true,"href":"https:\/\/www.ecuadortimes.net\/es\/wp-json\/wp\/v2\/users\/1"}],"replies":[{"embeddable":true,"href":"https:\/\/www.ecuadortimes.net\/es\/wp-json\/wp\/v2\/comments?post=236715"}],"version-history":[{"count":0,"href":"https:\/\/www.ecuadortimes.net\/es\/wp-json\/wp\/v2\/posts\/236715\/revisions"}],"wp:featuredmedia":[{"embeddable":true,"href":"https:\/\/www.ecuadortimes.net\/es\/wp-json\/wp\/v2\/media\/236716"}],"wp:attachment":[{"href":"https:\/\/www.ecuadortimes.net\/es\/wp-json\/wp\/v2\/media?parent=236715"}],"wp:term":[{"taxonomy":"category","embeddable":true,"href":"https:\/\/www.ecuadortimes.net\/es\/wp-json\/wp\/v2\/categories?post=236715"},{"taxonomy":"post_tag","embeddable":true,"href":"https:\/\/www.ecuadortimes.net\/es\/wp-json\/wp\/v2\/tags?post=236715"}],"curies":[{"name":"wp","href":"https:\/\/api.w.org\/{rel}","templated":true}]}}