{"id":236737,"date":"2015-12-17T00:00:00","date_gmt":"2015-12-17T00:00:00","guid":{"rendered":"https:\/\/www.ecuadortimes.net\/es\/angeluz-la-obra-de-carlos-mendoza\/"},"modified":"2015-12-17T00:00:00","modified_gmt":"2015-12-17T00:00:00","slug":"angeluz-la-obra-de-carlos-mendoza","status":"publish","type":"post","link":"https:\/\/www.ecuadortimes.net\/es\/angeluz-la-obra-de-carlos-mendoza\/","title":{"rendered":"Angeluz, la obra de Carlos Mendoza"},"content":{"rendered":"<p>&nbsp;<\/p>\n<p style=\"text-align: justify;\"><img loading=\"lazy\" class=\"size-medium wp-image-171266 alignright\" src=\"https:\/\/www.ecuadortimes.net\/es\/wp-content\/uploads\/2015\/12\/CARLOS-MENDOZA-ANGELUZ-ECUADORTIMES-ECUADORNEWS-245x300.jpg\" alt=\"CARLOS MENDOZA-ANGELUZ-ECUADORTIMES-ECUADORNEWS\" width=\"245\" height=\"300\" \/>Karios, un joven universitario introvertido que sufre de abusos, un d\u00eda recibe la propuesta de un hombre, vestido de blanco, de ir a otro mundo. Esta es la trama de <a href=\"https:\/\/www.facebook.com\/AngeluzElPactoDelSolitario\"><strong>Angeluz, El Pacto del Solitario<\/strong>,<\/a> una historia que el escritor guayaquile\u00f1o <strong>Carlos Mendoza<\/strong> ten\u00eda pensada desde hace algunos a\u00f1os y no hab\u00eda podido cristalizar.<\/p>\n<p style=\"text-align: justify;\">Me propuse que mi historia ser\u00eda compleja, que atrape al lector\u009d, cuenta Mendoza, a quien desde ni\u00f1o le gustan las historietas japonesas por lo que empez\u00f3 a interesarse en las historias de fantas\u00edas.<\/p>\n<p style=\"text-align: justify;\">Mendoza tambi\u00e9n posee talento para dibujar, por lo que en 2012 inici\u00f3 su estudios en la <strong><a href=\"https:\/\/www.facebook.com\/escueladelcomic\">Escuela del Comic<\/a><\/strong> y fui ah\u00ed donde tuvo la oportunidad de desarrollar su historia.<\/p>\n<p style=\"text-align: justify;\">Cuando estuve ah\u00ed me di cuenta que quer\u00eda ser escritor, as\u00ed que decid\u00ed hacer de Angeluz una novela ilustrada, que la present\u00e9 como tesis para graduarme\u009d, explic\u00f3.<\/p>\n<p style=\"text-align: justify;\"><img loading=\"lazy\" class=\"size-medium wp-image-171268 alignleft\" src=\"https:\/\/www.ecuadortimes.net\/es\/wp-content\/uploads\/2015\/12\/ANGELUZ-EL-DESPERTAR-COVER-CARLOS-MENDOZA-ECUADOR-212x300.jpg\" alt=\"ANGELUZ- EL DESPERTAR-COVER-CARLOS MENDOZA- ECUADOR\" width=\"212\" height=\"300\" \/>Empec\u00e9 a trabajar el primer borrador, salieron m\u00e1s ideas pero dije no voy a trabajar tantas historias, as\u00ed que decid\u00ed juntarlas y hacer una sola\u009d.<\/p>\n<p style=\"text-align: justify;\">En 2013 Mendoza decide autopublicar su novela, que se convertir\u00eda en la primera ilustrada de <strong>Mono C\u00f3mics<\/strong>, un sello editorial independiente creado por los profesores de la Escuela del C\u00f3mic, de la cual forma parte como guionista y editor.<\/p>\n<p style=\"text-align: justify;\"><strong><img loading=\"lazy\" class=\"size-medium wp-image-171267 alignright\" src=\"https:\/\/www.ecuadortimes.net\/es\/wp-content\/uploads\/2015\/12\/ANGELUZ-LA-PROMESA-ROTA-CARLOS-MENDOZA-ECUADOR-225x300.jpg\" alt=\"ANGELUZ-LA PROMESA ROTA-CARLOS MENDOZA-ECUADOR\" width=\"225\" height=\"300\" \/>Angeluz: El Despertar,<\/strong> tuvo gran acogida, motivando a su escritor a continuar con una segunda parte a la cual denomin\u00f3 <strong>La promesa rota<\/strong> y fue publicada en 2014.<\/p>\n<p style=\"text-align: justify;\">Me gusta m\u00e1s el segundo libro porque tiene un toque m\u00e1s realista de los personajes, en el primer libro escapan de su realidad, en el segundo ya se topan con una muralla, hay personajes m\u00e1s fuertes\u009d, dijo.<\/p>\n<p style=\"text-align: justify;\">Actualmente, Mendoza escribe el tercer libro de la saga que confirm\u00f3 ser\u00e1 una tetralog\u00eda y trabaja en la reedici\u00f3n del primero, El Despertar. A pesar de sus dos libros publicados, \u00e9l a\u00fan se considera un escritor amateur, reconoce sus fallas y busca mejorar en cada escrito. Sus libros se pueden adquirir a trav\u00e9s de la p\u00e1gina de <a href=\"https:\/\/www.facebook.com\/MonoComics\">Mono C\u00f3mics<\/a> en Facebook. (I)<\/p>\n<div id=\"attachment_171269\" style=\"width: 310px\" class=\"wp-caption aligncenter\"><img aria-describedby=\"caption-attachment-171269\" loading=\"lazy\" class=\"size-medium wp-image-171269\" src=\"https:\/\/www.ecuadortimes.net\/es\/wp-content\/uploads\/2015\/12\/10439532_712776705448773_3784532413730665081_n-300x228.jpg\" alt=\"Imagen: Mono C\u00f3mics Facebook\" width=\"300\" height=\"228\" \/><p id=\"caption-attachment-171269\" class=\"wp-caption-text\">Imagen: Mono C\u00f3mics Facebook<\/p><\/div>\n","protected":false},"excerpt":{"rendered":"<p>&nbsp; Karios, un joven universitario introvertido que sufre de abusos, un d\u00eda recibe la propuesta de un hombre, vestido de blanco, de ir a otro mundo. Esta es la trama de Angeluz, El Pacto del Solitario, una historia que el escritor guayaquile\u00f1o Carlos Mendoza ten\u00eda pensada desde hace algunos a\u00f1os y no hab\u00eda podido cristalizar. Me propuse que mi historia ser\u00eda compleja, que atrape al lector\u009d, cuenta Mendoza, a quien desde ni\u00f1o le gustan las historietas japonesas por lo que empez\u00f3 a interesarse en las historias de fantas\u00edas. Mendoza tambi\u00e9n posee talento para dibujar, por lo que en 2012 inici\u00f3 su estudios en la Escuela del Comic y fui ah\u00ed donde tuvo la oportunidad de desarrollar su historia. Cuando estuve ah\u00ed me di cuenta que quer\u00eda ser escritor, as\u00ed que decid\u00ed hacer de Angeluz una novela ilustrada, que la present\u00e9 como tesis para graduarme\u009d, explic\u00f3. Empec\u00e9 a trabajar el primer borrador, salieron m\u00e1s ideas pero dije no voy a trabajar tantas historias, as\u00ed que decid\u00ed juntarlas y hacer una sola\u009d. En 2013 Mendoza decide autopublicar su novela, que se convertir\u00eda en la primera ilustrada de Mono C\u00f3mics, un sello editorial independiente creado por los profesores de la Escuela del C\u00f3mic, de la cual forma parte como guionista y editor. Angeluz: El Despertar, tuvo gran acogida, motivando a su escritor a continuar con una segunda parte a la cual denomin\u00f3 La promesa rota y fue publicada en 2014. Me gusta m\u00e1s el segundo libro porque tiene un toque m\u00e1s realista de los personajes, en el primer libro escapan de su realidad, en el segundo ya se topan con una muralla, hay personajes m\u00e1s fuertes\u009d, dijo. Actualmente, Mendoza escribe el tercer libro de la saga que confirm\u00f3 ser\u00e1 una tetralog\u00eda y trabaja en la reedici\u00f3n del primero, El Despertar. A pesar de sus dos libros publicados, \u00e9l a\u00fan se considera un escritor amateur, reconoce sus fallas y busca mejorar en cada escrito. Sus libros se pueden adquirir a trav\u00e9s de la p\u00e1gina de Mono C\u00f3mics en Facebook. (I)<\/p>\n","protected":false},"author":1,"featured_media":236738,"comment_status":"open","ping_status":"open","sticky":false,"template":"","format":"standard","meta":[],"categories":[35,46],"tags":[],"_links":{"self":[{"href":"https:\/\/www.ecuadortimes.net\/es\/wp-json\/wp\/v2\/posts\/236737"}],"collection":[{"href":"https:\/\/www.ecuadortimes.net\/es\/wp-json\/wp\/v2\/posts"}],"about":[{"href":"https:\/\/www.ecuadortimes.net\/es\/wp-json\/wp\/v2\/types\/post"}],"author":[{"embeddable":true,"href":"https:\/\/www.ecuadortimes.net\/es\/wp-json\/wp\/v2\/users\/1"}],"replies":[{"embeddable":true,"href":"https:\/\/www.ecuadortimes.net\/es\/wp-json\/wp\/v2\/comments?post=236737"}],"version-history":[{"count":0,"href":"https:\/\/www.ecuadortimes.net\/es\/wp-json\/wp\/v2\/posts\/236737\/revisions"}],"wp:featuredmedia":[{"embeddable":true,"href":"https:\/\/www.ecuadortimes.net\/es\/wp-json\/wp\/v2\/media\/236738"}],"wp:attachment":[{"href":"https:\/\/www.ecuadortimes.net\/es\/wp-json\/wp\/v2\/media?parent=236737"}],"wp:term":[{"taxonomy":"category","embeddable":true,"href":"https:\/\/www.ecuadortimes.net\/es\/wp-json\/wp\/v2\/categories?post=236737"},{"taxonomy":"post_tag","embeddable":true,"href":"https:\/\/www.ecuadortimes.net\/es\/wp-json\/wp\/v2\/tags?post=236737"}],"curies":[{"name":"wp","href":"https:\/\/api.w.org\/{rel}","templated":true}]}}