{"id":236748,"date":"2015-12-17T00:00:00","date_gmt":"2015-12-17T00:00:00","guid":{"rendered":"https:\/\/www.ecuadortimes.net\/es\/ee-uu-sube-la-tasa-de-interes-como-le-afecta-a-ecuador\/"},"modified":"2015-12-17T00:00:00","modified_gmt":"2015-12-17T00:00:00","slug":"ee-uu-sube-la-tasa-de-interes-como-le-afecta-a-ecuador","status":"publish","type":"post","link":"https:\/\/www.ecuadortimes.net\/es\/ee-uu-sube-la-tasa-de-interes-como-le-afecta-a-ecuador\/","title":{"rendered":"EE.UU. sube la tasa de inter\u00e9s, \u00bfc\u00f3mo le afecta a Ecuador?"},"content":{"rendered":"<div id=\"attachment_171290\" style=\"width: 310px\" class=\"wp-caption aligncenter\"><img aria-describedby=\"caption-attachment-171290\" loading=\"lazy\" class=\"size-medium wp-image-171290\" src=\"https:\/\/www.ecuadortimes.net\/es\/wp-content\/uploads\/2015\/12\/EEUU-ECUADORTIMES-ECUADORNEWS-300x168.jpg\" alt=\"Image: El Universo\" width=\"300\" height=\"168\" \/><p id=\"caption-attachment-171290\" class=\"wp-caption-text\">Image: El Universo<\/p><\/div>\n<p>&nbsp;<\/p>\n<p>Por ser una medida tomada all\u00e1 en Estados Unidos pareciera que Ecuador no sufre consecuencias, pero s\u00ed que hay de qu\u00e9 preocuparse.<\/p>\n<p>&nbsp;<\/p>\n<p>Luego de que la Reserva Federal de ese pa\u00eds (FED, como se conoce en ingl\u00e9s) anunciara este mi\u00e9rcoles una subida de la tasa de inter\u00e9s de hasta 0,5% anual -la primera desde junio del 2006-, en gran parte de los pa\u00edses en desarrollo existe preocupaci\u00f3n por el posible impacto de la medida en sus econom\u00edas.<\/p>\n<p>&nbsp;<\/p>\n<p>Y ya se observan los primeros efectos a horas del anuncio. El precio del barril de petr\u00f3leo cay\u00f3 hoy m\u00e1s de 3 % como consecuencia de la subida de las tasas de inter\u00e9s.<\/p>\n<p>&nbsp;<\/p>\n<p>&#8220;Cuando el d\u00f3lar se aprecia, el precio (del barril) cae; cuando la tasa de inter\u00e9s sube, el petr\u00f3leo cae&#8221;, declara a diario El Universo Fausto Ortiz, exministro de Finanzas.<\/p>\n<p>&nbsp;<\/p>\n<p>Julio Jos\u00e9 Prado, presidente de la Asociaci\u00f3n de Bancos Privados del Ecuador (ABPE), analiza que la medida de la FED, adem\u00e1s, puede significar una apreciaci\u00f3n del d\u00f3lar. (I)<\/p>\n<p>Fuente: <a href=\"http:\/\/www.eluniverso.com\/noticias\/2015\/12\/16\/nota\/5302197\/eeuu-sube-tasa-interes-como-le-afecta-ecuador\">http:\/\/www.eluniverso.com\/noticias\/2015\/12\/16\/nota\/5302197\/eeuu-sube-tasa-interes-como-le-afecta-ecuador<\/a><\/p>\n<p>&nbsp;<\/p>\n<p>&nbsp;<\/p>\n","protected":false},"excerpt":{"rendered":"<p>&nbsp; Por ser una medida tomada all\u00e1 en Estados Unidos pareciera que Ecuador no sufre consecuencias, pero s\u00ed que hay de qu\u00e9 preocuparse. &nbsp; Luego de que la Reserva Federal de ese pa\u00eds (FED, como se conoce en ingl\u00e9s) anunciara este mi\u00e9rcoles una subida de la tasa de inter\u00e9s de hasta 0,5% anual -la primera desde junio del 2006-, en gran parte de los pa\u00edses en desarrollo existe preocupaci\u00f3n por el posible impacto de la medida en sus econom\u00edas. &nbsp; Y ya se observan los primeros efectos a horas del anuncio. El precio del barril de petr\u00f3leo cay\u00f3 hoy m\u00e1s de 3 % como consecuencia de la subida de las tasas de inter\u00e9s. &nbsp; &#8220;Cuando el d\u00f3lar se aprecia, el precio (del barril) cae; cuando la tasa de inter\u00e9s sube, el petr\u00f3leo cae&#8221;, declara a diario El Universo Fausto Ortiz, exministro de Finanzas. &nbsp; Julio Jos\u00e9 Prado, presidente de la Asociaci\u00f3n de Bancos Privados del Ecuador (ABPE), analiza que la medida de la FED, adem\u00e1s, puede significar una apreciaci\u00f3n del d\u00f3lar. (I) Fuente: http:\/\/www.eluniverso.com\/noticias\/2015\/12\/16\/nota\/5302197\/eeuu-sube-tasa-interes-como-le-afecta-ecuador &nbsp; &nbsp;<\/p>\n","protected":false},"author":1,"featured_media":236749,"comment_status":"open","ping_status":"open","sticky":false,"template":"","format":"standard","meta":[],"categories":[33,43],"tags":[],"_links":{"self":[{"href":"https:\/\/www.ecuadortimes.net\/es\/wp-json\/wp\/v2\/posts\/236748"}],"collection":[{"href":"https:\/\/www.ecuadortimes.net\/es\/wp-json\/wp\/v2\/posts"}],"about":[{"href":"https:\/\/www.ecuadortimes.net\/es\/wp-json\/wp\/v2\/types\/post"}],"author":[{"embeddable":true,"href":"https:\/\/www.ecuadortimes.net\/es\/wp-json\/wp\/v2\/users\/1"}],"replies":[{"embeddable":true,"href":"https:\/\/www.ecuadortimes.net\/es\/wp-json\/wp\/v2\/comments?post=236748"}],"version-history":[{"count":0,"href":"https:\/\/www.ecuadortimes.net\/es\/wp-json\/wp\/v2\/posts\/236748\/revisions"}],"wp:featuredmedia":[{"embeddable":true,"href":"https:\/\/www.ecuadortimes.net\/es\/wp-json\/wp\/v2\/media\/236749"}],"wp:attachment":[{"href":"https:\/\/www.ecuadortimes.net\/es\/wp-json\/wp\/v2\/media?parent=236748"}],"wp:term":[{"taxonomy":"category","embeddable":true,"href":"https:\/\/www.ecuadortimes.net\/es\/wp-json\/wp\/v2\/categories?post=236748"},{"taxonomy":"post_tag","embeddable":true,"href":"https:\/\/www.ecuadortimes.net\/es\/wp-json\/wp\/v2\/tags?post=236748"}],"curies":[{"name":"wp","href":"https:\/\/api.w.org\/{rel}","templated":true}]}}