{"id":236756,"date":"2015-12-17T00:00:00","date_gmt":"2015-12-17T00:00:00","guid":{"rendered":"https:\/\/www.ecuadortimes.net\/es\/la-continuidad-del-empleo-preocupa-a-los-gremios\/"},"modified":"2015-12-17T00:00:00","modified_gmt":"2015-12-17T00:00:00","slug":"la-continuidad-del-empleo-preocupa-a-los-gremios","status":"publish","type":"post","link":"https:\/\/www.ecuadortimes.net\/es\/la-continuidad-del-empleo-preocupa-a-los-gremios\/","title":{"rendered":"La continuidad del empleo preocupa a los gremios"},"content":{"rendered":"<p>&nbsp;<\/p>\n<p style=\"text-align: justify;\"><img loading=\"lazy\" class=\"size-medium wp-image-171307 alignright\" src=\"https:\/\/www.ecuadortimes.net\/es\/wp-content\/uploads\/2015\/12\/desempleo_ecuador-300x191.jpg\" alt=\"desempleo_ecuador\" width=\"300\" height=\"191\" \/>De acuerdo con el \u00faltimo dato del Instituto Nacional de Estad\u00edstica y Censos (INEC), a septiembre de este a\u00f1o la tasa de desempleo en el pa\u00eds lleg\u00f3 al 4,28% en comparaci\u00f3n al 3,90% registrado al mismo mes de 2014. La tasa de empleo inadecuado tambi\u00e9n subi\u00f3 del 48% en septiembre de 2014 al 49,21% a septiembre de 2015, mientras que el empleo adecuado baj\u00f3 del 47,78% al 46% en el mismo periodo. Estas estad\u00edsticas se est\u00e1n reflejando ya en los sectores p\u00fablico y privado.<\/p>\n<p style=\"text-align: justify;\">\n<p style=\"text-align: justify;\">Seg\u00fan el INEC, nueve de cada diez empleos son generados en el sector privado, pero esto no significa una garant\u00eda para los trabajadores, ya que varios sectores han prescindido de personal. Uno de ellos es el automotriz que entre enero y septiembre se vio obligado a prescindir de 7.500 trabajadores directos e indirectos. (I)<\/p>\n<p style=\"text-align: justify;\">\n<p style=\"text-align: justify;\">Fuente: <a href=\"http:\/\/lahora.com.ec\/index.php\/noticias\/show\/1101895239\/-1\/La_continuidad_del_empleo_preocupa__a_los_gremios.html#.VnMWq5PhBTL\">http:\/\/lahora.com.ec\/index.php\/noticias\/show\/1101895239\/-1\/La_continuidad_del_empleo_preocupa__a_los_gremios.html#.VnMWq5PhBTL<\/a><\/p>\n<p>&nbsp;<\/p>\n","protected":false},"excerpt":{"rendered":"<p>&nbsp; De acuerdo con el \u00faltimo dato del Instituto Nacional de Estad\u00edstica y Censos (INEC), a septiembre de este a\u00f1o la tasa de desempleo en el pa\u00eds lleg\u00f3 al 4,28% en comparaci\u00f3n al 3,90% registrado al mismo mes de 2014. La tasa de empleo inadecuado tambi\u00e9n subi\u00f3 del 48% en septiembre de 2014 al 49,21% a septiembre de 2015, mientras que el empleo adecuado baj\u00f3 del 47,78% al 46% en el mismo periodo. Estas estad\u00edsticas se est\u00e1n reflejando ya en los sectores p\u00fablico y privado. Seg\u00fan el INEC, nueve de cada diez empleos son generados en el sector privado, pero esto no significa una garant\u00eda para los trabajadores, ya que varios sectores han prescindido de personal. Uno de ellos es el automotriz que entre enero y septiembre se vio obligado a prescindir de 7.500 trabajadores directos e indirectos. (I) Fuente: http:\/\/lahora.com.ec\/index.php\/noticias\/show\/1101895239\/-1\/La_continuidad_del_empleo_preocupa__a_los_gremios.html#.VnMWq5PhBTL &nbsp;<\/p>\n","protected":false},"author":1,"featured_media":236757,"comment_status":"open","ping_status":"open","sticky":false,"template":"","format":"standard","meta":[],"categories":[54,43],"tags":[],"_links":{"self":[{"href":"https:\/\/www.ecuadortimes.net\/es\/wp-json\/wp\/v2\/posts\/236756"}],"collection":[{"href":"https:\/\/www.ecuadortimes.net\/es\/wp-json\/wp\/v2\/posts"}],"about":[{"href":"https:\/\/www.ecuadortimes.net\/es\/wp-json\/wp\/v2\/types\/post"}],"author":[{"embeddable":true,"href":"https:\/\/www.ecuadortimes.net\/es\/wp-json\/wp\/v2\/users\/1"}],"replies":[{"embeddable":true,"href":"https:\/\/www.ecuadortimes.net\/es\/wp-json\/wp\/v2\/comments?post=236756"}],"version-history":[{"count":0,"href":"https:\/\/www.ecuadortimes.net\/es\/wp-json\/wp\/v2\/posts\/236756\/revisions"}],"wp:featuredmedia":[{"embeddable":true,"href":"https:\/\/www.ecuadortimes.net\/es\/wp-json\/wp\/v2\/media\/236757"}],"wp:attachment":[{"href":"https:\/\/www.ecuadortimes.net\/es\/wp-json\/wp\/v2\/media?parent=236756"}],"wp:term":[{"taxonomy":"category","embeddable":true,"href":"https:\/\/www.ecuadortimes.net\/es\/wp-json\/wp\/v2\/categories?post=236756"},{"taxonomy":"post_tag","embeddable":true,"href":"https:\/\/www.ecuadortimes.net\/es\/wp-json\/wp\/v2\/tags?post=236756"}],"curies":[{"name":"wp","href":"https:\/\/api.w.org\/{rel}","templated":true}]}}