{"id":236762,"date":"2015-12-18T00:00:00","date_gmt":"2015-12-18T00:00:00","guid":{"rendered":"https:\/\/www.ecuadortimes.net\/es\/discrepancias-en-alianza-pais-por-propuesta-sobre-prefecturas\/"},"modified":"2015-12-18T00:00:00","modified_gmt":"2015-12-18T00:00:00","slug":"discrepancias-en-alianza-pais-por-propuesta-sobre-prefecturas","status":"publish","type":"post","link":"https:\/\/www.ecuadortimes.net\/es\/discrepancias-en-alianza-pais-por-propuesta-sobre-prefecturas\/","title":{"rendered":"Discrepancias en Alianza PAIS por propuesta sobre prefecturas"},"content":{"rendered":"<p>&nbsp;<\/p>\n<p style=\"text-align: justify;\"><img loading=\"lazy\" class=\"size-medium wp-image-171320 alignright\" src=\"https:\/\/www.ecuadortimes.net\/es\/wp-content\/uploads\/2015\/12\/prefecto_jairala-300x191.jpg\" alt=\"prefecto_jairala\" width=\"300\" height=\"191\" \/>La propuesta de enmienda constitucional de las juntas parroquiales para que los prefectos sean elegidos solo con los votos de la poblaci\u00f3n rural de una provincia y no con los de la poblaci\u00f3n urbana gener\u00f3 una nueva controversia en el movimiento <strong>Alianza PAIS (AP)<\/strong>.<\/p>\n<p style=\"text-align: justify;\">\n<p style=\"text-align: justify;\">Ayer, el prefecto de Pichincha y director de AP en Pichincha, Gustavo Baroja, junto a los asamble\u00edstas oficialistas Fausto Cayambe, Alexandra Ocles y Mary Verduga rechazaron la propuesta que, en cambio, fue apoyada por sus coidearios Mar\u00eda Jos\u00e9 Carri\u00f3n, Esteban Melo y Christian Viteri, el martes.<\/p>\n<p style=\"text-align: justify;\">\n<p>Pero el tema no se queda en la Asamblea: el pasado 9 de diciembre, en Loja, el mandatario y presidente nacional de AP, <strong>Rafael Correa,<\/strong> manifest\u00f3: Se supone que la Prefectura es para atender al sector rural, pero en la mayor\u00eda de provincias, la mayor cantidad del electorado est\u00e1 en el sector rural y ganan por el voto urbano, no por el voto rural y una serie de inconsistencias que podemos conversar\u009d. (I)<\/p>\n<p>Fuente: <a href=\"http:\/\/www.eluniverso.com\/noticias\/2015\/12\/18\/nota\/5303886\/discrepancias-ap-propuesta-sobre-prefecturas\">http:\/\/www.eluniverso.com\/noticias\/2015\/12\/18\/nota\/5303886\/discrepancias-ap-propuesta-sobre-prefecturas<\/a><\/p>\n","protected":false},"excerpt":{"rendered":"<p>&nbsp; La propuesta de enmienda constitucional de las juntas parroquiales para que los prefectos sean elegidos solo con los votos de la poblaci\u00f3n rural de una provincia y no con los de la poblaci\u00f3n urbana gener\u00f3 una nueva controversia en el movimiento Alianza PAIS (AP). Ayer, el prefecto de Pichincha y director de AP en Pichincha, Gustavo Baroja, junto a los asamble\u00edstas oficialistas Fausto Cayambe, Alexandra Ocles y Mary Verduga rechazaron la propuesta que, en cambio, fue apoyada por sus coidearios Mar\u00eda Jos\u00e9 Carri\u00f3n, Esteban Melo y Christian Viteri, el martes. Pero el tema no se queda en la Asamblea: el pasado 9 de diciembre, en Loja, el mandatario y presidente nacional de AP, Rafael Correa, manifest\u00f3: Se supone que la Prefectura es para atender al sector rural, pero en la mayor\u00eda de provincias, la mayor cantidad del electorado est\u00e1 en el sector rural y ganan por el voto urbano, no por el voto rural y una serie de inconsistencias que podemos conversar\u009d. (I) Fuente: http:\/\/www.eluniverso.com\/noticias\/2015\/12\/18\/nota\/5303886\/discrepancias-ap-propuesta-sobre-prefecturas<\/p>\n","protected":false},"author":1,"featured_media":236763,"comment_status":"open","ping_status":"open","sticky":false,"template":"","format":"standard","meta":[],"categories":[41],"tags":[],"_links":{"self":[{"href":"https:\/\/www.ecuadortimes.net\/es\/wp-json\/wp\/v2\/posts\/236762"}],"collection":[{"href":"https:\/\/www.ecuadortimes.net\/es\/wp-json\/wp\/v2\/posts"}],"about":[{"href":"https:\/\/www.ecuadortimes.net\/es\/wp-json\/wp\/v2\/types\/post"}],"author":[{"embeddable":true,"href":"https:\/\/www.ecuadortimes.net\/es\/wp-json\/wp\/v2\/users\/1"}],"replies":[{"embeddable":true,"href":"https:\/\/www.ecuadortimes.net\/es\/wp-json\/wp\/v2\/comments?post=236762"}],"version-history":[{"count":0,"href":"https:\/\/www.ecuadortimes.net\/es\/wp-json\/wp\/v2\/posts\/236762\/revisions"}],"wp:featuredmedia":[{"embeddable":true,"href":"https:\/\/www.ecuadortimes.net\/es\/wp-json\/wp\/v2\/media\/236763"}],"wp:attachment":[{"href":"https:\/\/www.ecuadortimes.net\/es\/wp-json\/wp\/v2\/media?parent=236762"}],"wp:term":[{"taxonomy":"category","embeddable":true,"href":"https:\/\/www.ecuadortimes.net\/es\/wp-json\/wp\/v2\/categories?post=236762"},{"taxonomy":"post_tag","embeddable":true,"href":"https:\/\/www.ecuadortimes.net\/es\/wp-json\/wp\/v2\/tags?post=236762"}],"curies":[{"name":"wp","href":"https:\/\/api.w.org\/{rel}","templated":true}]}}