{"id":236769,"date":"2015-12-18T00:00:00","date_gmt":"2015-12-18T00:00:00","guid":{"rendered":"https:\/\/www.ecuadortimes.net\/es\/negado-habeas-corpus-para-chofer-que-llevo-monigote-de-borrego-a-protestas\/"},"modified":"2015-12-18T00:00:00","modified_gmt":"2015-12-18T00:00:00","slug":"negado-habeas-corpus-para-chofer-que-llevo-monigote-de-borrego-a-protestas","status":"publish","type":"post","link":"https:\/\/www.ecuadortimes.net\/es\/negado-habeas-corpus-para-chofer-que-llevo-monigote-de-borrego-a-protestas\/","title":{"rendered":"Negado habeas corpus para chofer que llev\u00f3 monigote de borrego a protestas"},"content":{"rendered":"<p>&nbsp;<\/p>\n<p style=\"text-align: justify;\"><img loading=\"lazy\" class=\"size-medium wp-image-171336 alignright\" src=\"https:\/\/www.ecuadortimes.net\/es\/wp-content\/uploads\/2015\/12\/habeas-corpus-ecuadortimes-ecuadornews-300x167.jpg\" alt=\"habeas-corpus-ecuadortimes-ecuadornews\" width=\"300\" height=\"167\" \/>Los jueces de la Sala de la Ni\u00f1ez y la Adolescencia de la Corte Provincial de Justicia del Guayas negaron este jueves el recurso de habeas corpus que hab\u00eda solicitado la defensa de Francisco S., detenido el pasado 26 de noviembre.<\/p>\n<p style=\"text-align: justify;\">\n<p style=\"text-align: justify;\">\u00c3\u0089l transport\u00f3 ese d\u00eda en un cami\u00f3n un monigote en forma de borrego, que fue quemado en las protestas que se realizaron en el centro de Guayaquil contra las reformas a la Constituci\u00f3n, que aprob\u00f3 la Asamblea Nacional.<\/p>\n<p>&nbsp;<\/p>\n<p>Seg\u00fan el parte policial, en el veh\u00edculo se encontraron banderas, afiches, palos y tubos.<\/p>\n<p>&nbsp;<\/p>\n<p>Juan Vizueta, abogado defensor, lament\u00f3 que se haya negado el recurso de habeas corpus &#8220;pese a que se ha demostrado que la sanci\u00f3n del se\u00f1or fue una detenci\u00f3n arbitraria, ilegal, ileg\u00edtima, ni siquiera se mostr\u00f3 una orden constitucional para que se proceda a la detenci\u00f3n del ciudadano&#8221;.<\/p>\n<p>&nbsp;<\/p>\n<p>Mientras el jurista declaraba a los medios de comunicaci\u00f3n, los familiares del detenido gritaban: &#8220;\u00a1Quiero Justicia!&#8221;, afuera de la sala donde se realiz\u00f3 la audiencia.<\/p>\n<p>&nbsp;<\/p>\n<p>&#8220;Vamos a apelar ante esta decisi\u00f3n de la Corte Provincial&#8221;, advirti\u00f3 Vizueta. (I)<\/p>\n<p>&nbsp;<\/p>\n<p>&nbsp;<\/p>\n<p>Fuente: <a href=\"http:\/\/www.eluniverso.com\/noticias\/2015\/12\/17\/nota\/5303502\/negado-habeas-corpus-chofer-que-llevo-monigote-borrego-protestas\">http:\/\/www.eluniverso.com\/noticias\/2015\/12\/17\/nota\/5303502\/negado-habeas-corpus-chofer-que-llevo-monigote-borrego-protestas<\/a><\/p>\n<p>&nbsp;<\/p>\n","protected":false},"excerpt":{"rendered":"<p>&nbsp; Los jueces de la Sala de la Ni\u00f1ez y la Adolescencia de la Corte Provincial de Justicia del Guayas negaron este jueves el recurso de habeas corpus que hab\u00eda solicitado la defensa de Francisco S., detenido el pasado 26 de noviembre. \u00c3\u0089l transport\u00f3 ese d\u00eda en un cami\u00f3n un monigote en forma de borrego, que fue quemado en las protestas que se realizaron en el centro de Guayaquil contra las reformas a la Constituci\u00f3n, que aprob\u00f3 la Asamblea Nacional. &nbsp; Seg\u00fan el parte policial, en el veh\u00edculo se encontraron banderas, afiches, palos y tubos. &nbsp; Juan Vizueta, abogado defensor, lament\u00f3 que se haya negado el recurso de habeas corpus &#8220;pese a que se ha demostrado que la sanci\u00f3n del se\u00f1or fue una detenci\u00f3n arbitraria, ilegal, ileg\u00edtima, ni siquiera se mostr\u00f3 una orden constitucional para que se proceda a la detenci\u00f3n del ciudadano&#8221;. &nbsp; Mientras el jurista declaraba a los medios de comunicaci\u00f3n, los familiares del detenido gritaban: &#8220;\u00a1Quiero Justicia!&#8221;, afuera de la sala donde se realiz\u00f3 la audiencia. &nbsp; &#8220;Vamos a apelar ante esta decisi\u00f3n de la Corte Provincial&#8221;, advirti\u00f3 Vizueta. (I) &nbsp; &nbsp; Fuente: http:\/\/www.eluniverso.com\/noticias\/2015\/12\/17\/nota\/5303502\/negado-habeas-corpus-chofer-que-llevo-monigote-borrego-protestas &nbsp;<\/p>\n","protected":false},"author":1,"featured_media":236770,"comment_status":"open","ping_status":"open","sticky":false,"template":"","format":"standard","meta":[],"categories":[40],"tags":[],"_links":{"self":[{"href":"https:\/\/www.ecuadortimes.net\/es\/wp-json\/wp\/v2\/posts\/236769"}],"collection":[{"href":"https:\/\/www.ecuadortimes.net\/es\/wp-json\/wp\/v2\/posts"}],"about":[{"href":"https:\/\/www.ecuadortimes.net\/es\/wp-json\/wp\/v2\/types\/post"}],"author":[{"embeddable":true,"href":"https:\/\/www.ecuadortimes.net\/es\/wp-json\/wp\/v2\/users\/1"}],"replies":[{"embeddable":true,"href":"https:\/\/www.ecuadortimes.net\/es\/wp-json\/wp\/v2\/comments?post=236769"}],"version-history":[{"count":0,"href":"https:\/\/www.ecuadortimes.net\/es\/wp-json\/wp\/v2\/posts\/236769\/revisions"}],"wp:featuredmedia":[{"embeddable":true,"href":"https:\/\/www.ecuadortimes.net\/es\/wp-json\/wp\/v2\/media\/236770"}],"wp:attachment":[{"href":"https:\/\/www.ecuadortimes.net\/es\/wp-json\/wp\/v2\/media?parent=236769"}],"wp:term":[{"taxonomy":"category","embeddable":true,"href":"https:\/\/www.ecuadortimes.net\/es\/wp-json\/wp\/v2\/categories?post=236769"},{"taxonomy":"post_tag","embeddable":true,"href":"https:\/\/www.ecuadortimes.net\/es\/wp-json\/wp\/v2\/tags?post=236769"}],"curies":[{"name":"wp","href":"https:\/\/api.w.org\/{rel}","templated":true}]}}