{"id":236774,"date":"2015-12-18T00:00:00","date_gmt":"2015-12-18T00:00:00","guid":{"rendered":"https:\/\/www.ecuadortimes.net\/es\/hubo-amenaza-de-bomba-en-el-km-1-5-de-la-av-carlos-julio-arosemena\/"},"modified":"2015-12-18T00:00:00","modified_gmt":"2015-12-18T00:00:00","slug":"hubo-amenaza-de-bomba-en-el-km-1-5-de-la-av-carlos-julio-arosemena","status":"publish","type":"post","link":"https:\/\/www.ecuadortimes.net\/es\/hubo-amenaza-de-bomba-en-el-km-1-5-de-la-av-carlos-julio-arosemena\/","title":{"rendered":"Hubo amenaza de bomba en el km. 1.5 de la av. Carlos Julio Arosemena"},"content":{"rendered":"<p>&nbsp;<\/p>\n<div id=\"attachment_171348\" style=\"width: 310px\" class=\"wp-caption aligncenter\"><img aria-describedby=\"caption-attachment-171348\" loading=\"lazy\" class=\"size-medium wp-image-171348\" src=\"https:\/\/www.ecuadortimes.net\/es\/wp-content\/uploads\/2015\/12\/Captura-de-pantalla-2015-12-18-a-las-3.01.43-p.m.-300x147.png\" alt=\"Imagen Twitter\" width=\"300\" height=\"147\" \/><p id=\"caption-attachment-171348\" class=\"wp-caption-text\">Imagen Twitter<\/p><\/div>\n<p style=\"text-align: justify;\">Durante una hora aproximadamente fue cerrada este jueves la avenida Carlos Julio Arosemena (norte), a la altura del kil\u00f3metro 1.5, luego de que se report\u00f3 una amenaza de bomba.<\/p>\n<p style=\"text-align: justify;\">\n<p style=\"text-align: justify;\">\n<p style=\"text-align: justify;\">Miembros de la Polic\u00eda Nacional acudieron al lugar para revisar el artefacto y finalmente se descart\u00f3 que sea explosivo.<\/p>\n<p style=\"text-align: justify;\">\n<p style=\"text-align: justify;\">Mientras dur\u00f3 el operativo, la Autoridad de Tr\u00e1nsito Municipal (ATM) cerr\u00f3 el tr\u00e1nsito vehicular en ambos sentidos de la v\u00eda, lo que ocasion\u00f3 congesti\u00f3n vehicular.<\/p>\n<p style=\"text-align: justify;\">\n<p style=\"text-align: justify;\">\n<p style=\"text-align: justify;\">La ATM inform\u00f3 en un comunicado que debido a la suspensi\u00f3n del tr\u00e1nsito en esa avenida, &#8220;cuatro unidades de la Metrov\u00eda que se dirig\u00edan al centro de la ciudad estuvieron inmovilizadas por cerca de una hora hasta que los Agentes Civiles de Tr\u00e1nsito lo restablecieron en el sector&#8221;. (I)<\/p>\n<p style=\"text-align: justify;\">\n<p style=\"text-align: justify;\">Fuente: <a href=\"http:\/\/www.eluniverso.com\/noticias\/2015\/12\/17\/nota\/5303385\/hubo-amenaza-bomba-km-15-av-juan-tanca-marengo\">http:\/\/www.eluniverso.com\/noticias\/2015\/12\/17\/nota\/5303385\/hubo-amenaza-bomba-km-15-av-juan-tanca-marengo<\/a><\/p>\n","protected":false},"excerpt":{"rendered":"<p>&nbsp; Durante una hora aproximadamente fue cerrada este jueves la avenida Carlos Julio Arosemena (norte), a la altura del kil\u00f3metro 1.5, luego de que se report\u00f3 una amenaza de bomba. Miembros de la Polic\u00eda Nacional acudieron al lugar para revisar el artefacto y finalmente se descart\u00f3 que sea explosivo. Mientras dur\u00f3 el operativo, la Autoridad de Tr\u00e1nsito Municipal (ATM) cerr\u00f3 el tr\u00e1nsito vehicular en ambos sentidos de la v\u00eda, lo que ocasion\u00f3 congesti\u00f3n vehicular. La ATM inform\u00f3 en un comunicado que debido a la suspensi\u00f3n del tr\u00e1nsito en esa avenida, &#8220;cuatro unidades de la Metrov\u00eda que se dirig\u00edan al centro de la ciudad estuvieron inmovilizadas por cerca de una hora hasta que los Agentes Civiles de Tr\u00e1nsito lo restablecieron en el sector&#8221;. (I) Fuente: http:\/\/www.eluniverso.com\/noticias\/2015\/12\/17\/nota\/5303385\/hubo-amenaza-bomba-km-15-av-juan-tanca-marengo<\/p>\n","protected":false},"author":1,"featured_media":0,"comment_status":"open","ping_status":"open","sticky":false,"template":"","format":"standard","meta":[],"categories":[54,35],"tags":[],"_links":{"self":[{"href":"https:\/\/www.ecuadortimes.net\/es\/wp-json\/wp\/v2\/posts\/236774"}],"collection":[{"href":"https:\/\/www.ecuadortimes.net\/es\/wp-json\/wp\/v2\/posts"}],"about":[{"href":"https:\/\/www.ecuadortimes.net\/es\/wp-json\/wp\/v2\/types\/post"}],"author":[{"embeddable":true,"href":"https:\/\/www.ecuadortimes.net\/es\/wp-json\/wp\/v2\/users\/1"}],"replies":[{"embeddable":true,"href":"https:\/\/www.ecuadortimes.net\/es\/wp-json\/wp\/v2\/comments?post=236774"}],"version-history":[{"count":0,"href":"https:\/\/www.ecuadortimes.net\/es\/wp-json\/wp\/v2\/posts\/236774\/revisions"}],"wp:attachment":[{"href":"https:\/\/www.ecuadortimes.net\/es\/wp-json\/wp\/v2\/media?parent=236774"}],"wp:term":[{"taxonomy":"category","embeddable":true,"href":"https:\/\/www.ecuadortimes.net\/es\/wp-json\/wp\/v2\/categories?post=236774"},{"taxonomy":"post_tag","embeddable":true,"href":"https:\/\/www.ecuadortimes.net\/es\/wp-json\/wp\/v2\/tags?post=236774"}],"curies":[{"name":"wp","href":"https:\/\/api.w.org\/{rel}","templated":true}]}}