{"id":236775,"date":"2015-12-18T00:00:00","date_gmt":"2015-12-18T00:00:00","guid":{"rendered":"https:\/\/www.ecuadortimes.net\/es\/exjueces-de-pichincha-condenados-a-prision\/"},"modified":"2015-12-18T00:00:00","modified_gmt":"2015-12-18T00:00:00","slug":"exjueces-de-pichincha-condenados-a-prision","status":"publish","type":"post","link":"https:\/\/www.ecuadortimes.net\/es\/exjueces-de-pichincha-condenados-a-prision\/","title":{"rendered":"Exjueces de Pichincha, condenados a prisi\u00f3n"},"content":{"rendered":"<p>&nbsp;<\/p>\n<p style=\"text-align: justify;\"><img loading=\"lazy\" class=\"size-medium wp-image-171352 aligncenter\" src=\"https:\/\/www.ecuadortimes.net\/es\/wp-content\/uploads\/2015\/12\/78240_TRAFICOINFLUENCIAS_1be2fe09d32617567322e403992b2b28-300x160.jpg\" alt=\"78240_TRAFICOINFLUENCIAS_1be2fe09d32617567322e403992b2b28\" width=\"300\" height=\"160\" \/><\/p>\n<p style=\"text-align: justify;\">Dos d\u00edas completos de audiencia fueron suficientes para que el Tribunal Penal de la Corte Nacional de Justicia (CNJ) sentenciara, la noche del mi\u00e9rcoles \u00faltimo, a dos a\u00f1os y medio de c\u00e1rcel a los exjueces de Pichincha \u00c3\u0093scar L. y Freddy M. por supuestamente haber cometido el delito de tentativa de tr\u00e1fico de influencias para obtener una sentencia favorable a cambio de un r\u00e9dito econ\u00f3mico.<\/p>\n<p style=\"text-align: justify;\">\n<p style=\"text-align: justify;\">En la diligencia, la fiscal general subrogante, Cecilia Armas, present\u00f3 documentos y testimonios que demostrar\u00edan que \u00c3\u0093scar L., exjuez de la Unidad Judicial de lo Civil de Pichincha, fue quien contact\u00f3 con el abogado \u00c3\u0093scar P. para presuntamente ofrecerle una sentencia favorable en el juicio de expropiaci\u00f3n de un edificio ubicado al norte de la capital. (I)<\/p>\n<p style=\"text-align: justify;\">\n<p>Fuente: <a href=\"http:\/\/www.eluniverso.com\/noticias\/2015\/12\/18\/nota\/5303892\/exjueces-pichincha-condenados-prision\">http:\/\/www.eluniverso.com\/noticias\/2015\/12\/18\/nota\/5303892\/exjueces-pichincha-condenados-prision<\/a><\/p>\n","protected":false},"excerpt":{"rendered":"<p>&nbsp; Dos d\u00edas completos de audiencia fueron suficientes para que el Tribunal Penal de la Corte Nacional de Justicia (CNJ) sentenciara, la noche del mi\u00e9rcoles \u00faltimo, a dos a\u00f1os y medio de c\u00e1rcel a los exjueces de Pichincha \u00c3\u0093scar L. y Freddy M. por supuestamente haber cometido el delito de tentativa de tr\u00e1fico de influencias para obtener una sentencia favorable a cambio de un r\u00e9dito econ\u00f3mico. En la diligencia, la fiscal general subrogante, Cecilia Armas, present\u00f3 documentos y testimonios que demostrar\u00edan que \u00c3\u0093scar L., exjuez de la Unidad Judicial de lo Civil de Pichincha, fue quien contact\u00f3 con el abogado \u00c3\u0093scar P. para presuntamente ofrecerle una sentencia favorable en el juicio de expropiaci\u00f3n de un edificio ubicado al norte de la capital. (I) Fuente: http:\/\/www.eluniverso.com\/noticias\/2015\/12\/18\/nota\/5303892\/exjueces-pichincha-condenados-prision<\/p>\n","protected":false},"author":1,"featured_media":236776,"comment_status":"open","ping_status":"open","sticky":false,"template":"","format":"standard","meta":[],"categories":[40],"tags":[],"_links":{"self":[{"href":"https:\/\/www.ecuadortimes.net\/es\/wp-json\/wp\/v2\/posts\/236775"}],"collection":[{"href":"https:\/\/www.ecuadortimes.net\/es\/wp-json\/wp\/v2\/posts"}],"about":[{"href":"https:\/\/www.ecuadortimes.net\/es\/wp-json\/wp\/v2\/types\/post"}],"author":[{"embeddable":true,"href":"https:\/\/www.ecuadortimes.net\/es\/wp-json\/wp\/v2\/users\/1"}],"replies":[{"embeddable":true,"href":"https:\/\/www.ecuadortimes.net\/es\/wp-json\/wp\/v2\/comments?post=236775"}],"version-history":[{"count":0,"href":"https:\/\/www.ecuadortimes.net\/es\/wp-json\/wp\/v2\/posts\/236775\/revisions"}],"wp:featuredmedia":[{"embeddable":true,"href":"https:\/\/www.ecuadortimes.net\/es\/wp-json\/wp\/v2\/media\/236776"}],"wp:attachment":[{"href":"https:\/\/www.ecuadortimes.net\/es\/wp-json\/wp\/v2\/media?parent=236775"}],"wp:term":[{"taxonomy":"category","embeddable":true,"href":"https:\/\/www.ecuadortimes.net\/es\/wp-json\/wp\/v2\/categories?post=236775"},{"taxonomy":"post_tag","embeddable":true,"href":"https:\/\/www.ecuadortimes.net\/es\/wp-json\/wp\/v2\/tags?post=236775"}],"curies":[{"name":"wp","href":"https:\/\/api.w.org\/{rel}","templated":true}]}}