{"id":236783,"date":"2015-12-21T00:00:00","date_gmt":"2015-12-21T00:00:00","guid":{"rendered":"https:\/\/www.ecuadortimes.net\/es\/previsiones-apuntan-a-una-mayor-baja-para-petroleo\/"},"modified":"2015-12-21T00:00:00","modified_gmt":"2015-12-21T00:00:00","slug":"previsiones-apuntan-a-una-mayor-baja-para-petroleo","status":"publish","type":"post","link":"https:\/\/www.ecuadortimes.net\/es\/previsiones-apuntan-a-una-mayor-baja-para-petroleo\/","title":{"rendered":"Previsiones apuntan a una mayor baja para petr\u00f3leo"},"content":{"rendered":"<p>&nbsp;<\/p>\n<p style=\"text-align: justify;\"><img loading=\"lazy\" class=\"size-medium wp-image-171371 alignright\" src=\"https:\/\/www.ecuadortimes.net\/es\/wp-content\/uploads\/2015\/12\/petroleo-ecuadortime-ecuadornews-300x192.jpg\" alt=\"petroleo-ecuadortime-ecuadornews\" width=\"300\" height=\"192\" \/>El comportamiento del mercado mundial mantiene la tendencia de la baja del precio del barril de petr\u00f3leo.<\/p>\n<p style=\"text-align: justify;\">\n<p style=\"text-align: justify;\">Es as\u00ed que el viernes pasado, el barril de light sweet crude\u009d (WTI), precio referencial usado para el petr\u00f3leo ecuatoriano, para entrega en enero perdi\u00f3 22 centavos, ubic\u00e1ndose a $ 34,73. Con esa cifra permanece en sus menores valores desde febrero de hace seis a\u00f1os.<\/p>\n<p style=\"text-align: justify;\">\n<p style=\"text-align: justify;\">Los datos fundamentales justifican todav\u00eda una tendencia a la baja\u009d, apunt\u00f3 Kyle Cooper de la firma IAF Advisors.<\/p>\n<p style=\"text-align: justify;\">\n<p>La fase de baja actual se inici\u00f3 el 4 de diciembre con la decisi\u00f3n de la Organizaci\u00f3n de Pa\u00edses Exportadores de Petr\u00f3leo (OPEP) de no fijar un l\u00edmite de producci\u00f3n, mientras que el mercado se encuentra en desequilibrio por los excedentes en la producci\u00f3n de petr\u00f3leo. (I)<\/p>\n<p>&nbsp;<\/p>\n<p>Fuente: <a href=\"http:\/\/www.eluniverso.com\/noticias\/2015\/12\/21\/nota\/5309949\/previsiones-apuntan-mayor-baja-petroleo\">http:\/\/www.eluniverso.com\/noticias\/2015\/12\/21\/nota\/5309949\/previsiones-apuntan-mayor-baja-petroleo<\/a><\/p>\n","protected":false},"excerpt":{"rendered":"<p>&nbsp; El comportamiento del mercado mundial mantiene la tendencia de la baja del precio del barril de petr\u00f3leo. Es as\u00ed que el viernes pasado, el barril de light sweet crude\u009d (WTI), precio referencial usado para el petr\u00f3leo ecuatoriano, para entrega en enero perdi\u00f3 22 centavos, ubic\u00e1ndose a $ 34,73. Con esa cifra permanece en sus menores valores desde febrero de hace seis a\u00f1os. Los datos fundamentales justifican todav\u00eda una tendencia a la baja\u009d, apunt\u00f3 Kyle Cooper de la firma IAF Advisors. La fase de baja actual se inici\u00f3 el 4 de diciembre con la decisi\u00f3n de la Organizaci\u00f3n de Pa\u00edses Exportadores de Petr\u00f3leo (OPEP) de no fijar un l\u00edmite de producci\u00f3n, mientras que el mercado se encuentra en desequilibrio por los excedentes en la producci\u00f3n de petr\u00f3leo. (I) &nbsp; Fuente: http:\/\/www.eluniverso.com\/noticias\/2015\/12\/21\/nota\/5309949\/previsiones-apuntan-mayor-baja-petroleo<\/p>\n","protected":false},"author":1,"featured_media":236784,"comment_status":"open","ping_status":"open","sticky":false,"template":"","format":"standard","meta":[],"categories":[33],"tags":[],"_links":{"self":[{"href":"https:\/\/www.ecuadortimes.net\/es\/wp-json\/wp\/v2\/posts\/236783"}],"collection":[{"href":"https:\/\/www.ecuadortimes.net\/es\/wp-json\/wp\/v2\/posts"}],"about":[{"href":"https:\/\/www.ecuadortimes.net\/es\/wp-json\/wp\/v2\/types\/post"}],"author":[{"embeddable":true,"href":"https:\/\/www.ecuadortimes.net\/es\/wp-json\/wp\/v2\/users\/1"}],"replies":[{"embeddable":true,"href":"https:\/\/www.ecuadortimes.net\/es\/wp-json\/wp\/v2\/comments?post=236783"}],"version-history":[{"count":0,"href":"https:\/\/www.ecuadortimes.net\/es\/wp-json\/wp\/v2\/posts\/236783\/revisions"}],"wp:featuredmedia":[{"embeddable":true,"href":"https:\/\/www.ecuadortimes.net\/es\/wp-json\/wp\/v2\/media\/236784"}],"wp:attachment":[{"href":"https:\/\/www.ecuadortimes.net\/es\/wp-json\/wp\/v2\/media?parent=236783"}],"wp:term":[{"taxonomy":"category","embeddable":true,"href":"https:\/\/www.ecuadortimes.net\/es\/wp-json\/wp\/v2\/categories?post=236783"},{"taxonomy":"post_tag","embeddable":true,"href":"https:\/\/www.ecuadortimes.net\/es\/wp-json\/wp\/v2\/tags?post=236783"}],"curies":[{"name":"wp","href":"https:\/\/api.w.org\/{rel}","templated":true}]}}