{"id":236785,"date":"2015-12-21T00:00:00","date_gmt":"2015-12-21T00:00:00","guid":{"rendered":"https:\/\/www.ecuadortimes.net\/es\/comite-de-ap-advierte-a-legislador-fernando-bustamante\/"},"modified":"2015-12-21T00:00:00","modified_gmt":"2015-12-21T00:00:00","slug":"comite-de-ap-advierte-a-legislador-fernando-bustamante","status":"publish","type":"post","link":"https:\/\/www.ecuadortimes.net\/es\/comite-de-ap-advierte-a-legislador-fernando-bustamante\/","title":{"rendered":"Comit\u00e9 de AP advierte a legislador Fernando Bustamante"},"content":{"rendered":"<p>&nbsp;<\/p>\n<div id=\"attachment_171375\" style=\"width: 310px\" class=\"wp-caption alignright\"><img aria-describedby=\"caption-attachment-171375\" loading=\"lazy\" class=\"size-medium wp-image-171375\" src=\"https:\/\/www.ecuadortimes.net\/es\/wp-content\/uploads\/2015\/12\/fernado-bustamante-ecuadortimes-ecuaodnews-300x214.jpg\" alt=\"Imagem: El Universo\" width=\"300\" height=\"214\" \/><p id=\"caption-attachment-171375\" class=\"wp-caption-text\">Imagem: El Universo<\/p><\/div>\n<p style=\"text-align: justify;\">El presidente de la Comisi\u00f3n de \u00c3\u0089tica y Disciplina de Alianza PAIS (AP), Carlos Marx Carrasco, emiti\u00f3 un bolet\u00edn de prensa el s\u00e1bado en el que se\u00f1ala que la sanci\u00f3n a su coideario, el legislador Fernando Bustamante, inclu\u00eda el compromiso pol\u00edtico de principalizar a su alterna por diciembre y no realizar ning\u00fan tipo de pronunciamiento.<\/p>\n<p style=\"text-align: justify;\">\n<p style=\"text-align: justify;\">En los dos \u00faltimos p\u00e1rrafos del comunicado, el exministro de Trabajo se\u00f1ala que Bustamante ha incumplido con estos faltando al valor fundamental de la palabra\u009d dentro de la disciplina partidista.<\/p>\n<p style=\"text-align: justify;\">\n<p>La Comisi\u00f3n analizar\u00e1 la actuaci\u00f3n del asamble\u00edsta y actuar\u00e1 apegada a la normativa interna y principios que rigen nuestra organizaci\u00f3n\u009d, concluy\u00f3. (I)<\/p>\n<p>&nbsp;<\/p>\n<p>Fuente: <a href=\"http:\/\/www.eluniverso.com\/noticias\/2015\/12\/21\/nota\/5309991\/comite-ap-advierte-legislador\">http:\/\/www.eluniverso.com\/noticias\/2015\/12\/21\/nota\/5309991\/comite-ap-advierte-legislador<\/a><\/p>\n<p>&nbsp;<\/p>\n<p>&nbsp;<\/p>\n","protected":false},"excerpt":{"rendered":"<p>&nbsp; El presidente de la Comisi\u00f3n de \u00c3\u0089tica y Disciplina de Alianza PAIS (AP), Carlos Marx Carrasco, emiti\u00f3 un bolet\u00edn de prensa el s\u00e1bado en el que se\u00f1ala que la sanci\u00f3n a su coideario, el legislador Fernando Bustamante, inclu\u00eda el compromiso pol\u00edtico de principalizar a su alterna por diciembre y no realizar ning\u00fan tipo de pronunciamiento. En los dos \u00faltimos p\u00e1rrafos del comunicado, el exministro de Trabajo se\u00f1ala que Bustamante ha incumplido con estos faltando al valor fundamental de la palabra\u009d dentro de la disciplina partidista. La Comisi\u00f3n analizar\u00e1 la actuaci\u00f3n del asamble\u00edsta y actuar\u00e1 apegada a la normativa interna y principios que rigen nuestra organizaci\u00f3n\u009d, concluy\u00f3. (I) &nbsp; Fuente: http:\/\/www.eluniverso.com\/noticias\/2015\/12\/21\/nota\/5309991\/comite-ap-advierte-legislador &nbsp; &nbsp;<\/p>\n","protected":false},"author":1,"featured_media":236786,"comment_status":"open","ping_status":"open","sticky":false,"template":"","format":"standard","meta":[],"categories":[54,40],"tags":[],"_links":{"self":[{"href":"https:\/\/www.ecuadortimes.net\/es\/wp-json\/wp\/v2\/posts\/236785"}],"collection":[{"href":"https:\/\/www.ecuadortimes.net\/es\/wp-json\/wp\/v2\/posts"}],"about":[{"href":"https:\/\/www.ecuadortimes.net\/es\/wp-json\/wp\/v2\/types\/post"}],"author":[{"embeddable":true,"href":"https:\/\/www.ecuadortimes.net\/es\/wp-json\/wp\/v2\/users\/1"}],"replies":[{"embeddable":true,"href":"https:\/\/www.ecuadortimes.net\/es\/wp-json\/wp\/v2\/comments?post=236785"}],"version-history":[{"count":0,"href":"https:\/\/www.ecuadortimes.net\/es\/wp-json\/wp\/v2\/posts\/236785\/revisions"}],"wp:featuredmedia":[{"embeddable":true,"href":"https:\/\/www.ecuadortimes.net\/es\/wp-json\/wp\/v2\/media\/236786"}],"wp:attachment":[{"href":"https:\/\/www.ecuadortimes.net\/es\/wp-json\/wp\/v2\/media?parent=236785"}],"wp:term":[{"taxonomy":"category","embeddable":true,"href":"https:\/\/www.ecuadortimes.net\/es\/wp-json\/wp\/v2\/categories?post=236785"},{"taxonomy":"post_tag","embeddable":true,"href":"https:\/\/www.ecuadortimes.net\/es\/wp-json\/wp\/v2\/tags?post=236785"}],"curies":[{"name":"wp","href":"https:\/\/api.w.org\/{rel}","templated":true}]}}