{"id":236788,"date":"2015-12-21T00:00:00","date_gmt":"2015-12-21T00:00:00","guid":{"rendered":"https:\/\/www.ecuadortimes.net\/es\/reparos-de-vocal-del-iess-a-edificacion-de-tres-hospitales-en-guayaquil-quito-y-machala\/"},"modified":"2015-12-21T00:00:00","modified_gmt":"2015-12-21T00:00:00","slug":"reparos-de-vocal-del-iess-a-edificacion-de-tres-hospitales-en-guayaquil-quito-y-machala","status":"publish","type":"post","link":"https:\/\/www.ecuadortimes.net\/es\/reparos-de-vocal-del-iess-a-edificacion-de-tres-hospitales-en-guayaquil-quito-y-machala\/","title":{"rendered":"Reparos de vocal del IESS a edificaci\u00f3n de tres hospitales en Guayaquil, Quito y Machala"},"content":{"rendered":"<p>&nbsp;<\/p>\n<div id=\"attachment_171383\" style=\"width: 310px\" class=\"wp-caption alignright\"><img aria-describedby=\"caption-attachment-171383\" loading=\"lazy\" class=\"size-medium wp-image-171383\" src=\"https:\/\/www.ecuadortimes.net\/es\/wp-content\/uploads\/2015\/12\/IESS-ECUADORTIMES-ECUADORNEWS-300x207.jpg\" alt=\"Image: El Universo\" width=\"300\" height=\"207\" \/><p id=\"caption-attachment-171383\" class=\"wp-caption-text\">Image: El Universo<\/p><\/div>\n<p style=\"text-align: justify;\">El proceso de contrataci\u00f3n para la construcci\u00f3n de tres hospitales en Quito, Guayaquil y Machala por parte del Instituto Ecuatoriano de Seguridad Social (IESS) a un costo de $ 580,5 millones, aprobado en julio de este a\u00f1o, tuvo observaciones dentro del Consejo Directivo del citado organismo.<\/p>\n<p style=\"text-align: justify;\">\n<p style=\"text-align: justify;\">Las edificaciones se ejecutan en momentos en que dicho Consejo tom\u00f3 medidas para cubrir el d\u00e9ficit del Fondo de Salud (trasladando parte del aporte del Fondo de Pensiones).<\/p>\n<p style=\"text-align: justify;\">\n<p style=\"text-align: justify;\">Seg\u00fan la aprobaci\u00f3n emitida el 11 de julio pasado por el Consejo Directivo (con los votos a favor del delegado presidencial, Richard Espinosa, y de la exrepresentante de los trabajadores, Paulina Guerrero), se construir\u00e1n un hospital en Quito, por $ 256,08 millones; otro en Guayaquil, por $ 264,4 millones y otro m\u00e1s en Machala, por $ 60 millones.<\/p>\n<p style=\"text-align: justify;\">\n<p>Pero el procedimiento para la contrataci\u00f3n de las obras fue objetado por el vocal de los empleadores, Felipe Pezo. (I)<\/p>\n<p>&nbsp;<\/p>\n<p>Fuente: <a href=\"http:\/\/www.eluniverso.com\/noticias\/2015\/12\/20\/nota\/5306769\/reparos-vocal-iess-edificacion-tres-hospitales\">http:\/\/www.eluniverso.com\/noticias\/2015\/12\/20\/nota\/5306769\/reparos-vocal-iess-edificacion-tres-hospitales<\/a><\/p>\n<p>&nbsp;<\/p>\n<p>&nbsp;<\/p>\n","protected":false},"excerpt":{"rendered":"<p>&nbsp; El proceso de contrataci\u00f3n para la construcci\u00f3n de tres hospitales en Quito, Guayaquil y Machala por parte del Instituto Ecuatoriano de Seguridad Social (IESS) a un costo de $ 580,5 millones, aprobado en julio de este a\u00f1o, tuvo observaciones dentro del Consejo Directivo del citado organismo. Las edificaciones se ejecutan en momentos en que dicho Consejo tom\u00f3 medidas para cubrir el d\u00e9ficit del Fondo de Salud (trasladando parte del aporte del Fondo de Pensiones). Seg\u00fan la aprobaci\u00f3n emitida el 11 de julio pasado por el Consejo Directivo (con los votos a favor del delegado presidencial, Richard Espinosa, y de la exrepresentante de los trabajadores, Paulina Guerrero), se construir\u00e1n un hospital en Quito, por $ 256,08 millones; otro en Guayaquil, por $ 264,4 millones y otro m\u00e1s en Machala, por $ 60 millones. Pero el procedimiento para la contrataci\u00f3n de las obras fue objetado por el vocal de los empleadores, Felipe Pezo. (I) &nbsp; Fuente: http:\/\/www.eluniverso.com\/noticias\/2015\/12\/20\/nota\/5306769\/reparos-vocal-iess-edificacion-tres-hospitales &nbsp; &nbsp;<\/p>\n","protected":false},"author":1,"featured_media":236789,"comment_status":"open","ping_status":"open","sticky":false,"template":"","format":"standard","meta":[],"categories":[54,43],"tags":[],"_links":{"self":[{"href":"https:\/\/www.ecuadortimes.net\/es\/wp-json\/wp\/v2\/posts\/236788"}],"collection":[{"href":"https:\/\/www.ecuadortimes.net\/es\/wp-json\/wp\/v2\/posts"}],"about":[{"href":"https:\/\/www.ecuadortimes.net\/es\/wp-json\/wp\/v2\/types\/post"}],"author":[{"embeddable":true,"href":"https:\/\/www.ecuadortimes.net\/es\/wp-json\/wp\/v2\/users\/1"}],"replies":[{"embeddable":true,"href":"https:\/\/www.ecuadortimes.net\/es\/wp-json\/wp\/v2\/comments?post=236788"}],"version-history":[{"count":0,"href":"https:\/\/www.ecuadortimes.net\/es\/wp-json\/wp\/v2\/posts\/236788\/revisions"}],"wp:featuredmedia":[{"embeddable":true,"href":"https:\/\/www.ecuadortimes.net\/es\/wp-json\/wp\/v2\/media\/236789"}],"wp:attachment":[{"href":"https:\/\/www.ecuadortimes.net\/es\/wp-json\/wp\/v2\/media?parent=236788"}],"wp:term":[{"taxonomy":"category","embeddable":true,"href":"https:\/\/www.ecuadortimes.net\/es\/wp-json\/wp\/v2\/categories?post=236788"},{"taxonomy":"post_tag","embeddable":true,"href":"https:\/\/www.ecuadortimes.net\/es\/wp-json\/wp\/v2\/tags?post=236788"}],"curies":[{"name":"wp","href":"https:\/\/api.w.org\/{rel}","templated":true}]}}