{"id":236791,"date":"2015-12-21T00:00:00","date_gmt":"2015-12-21T00:00:00","guid":{"rendered":"https:\/\/www.ecuadortimes.net\/es\/los-mayores-distribuidores-de-droga-de-quito-fueron-detenidos\/"},"modified":"2015-12-21T00:00:00","modified_gmt":"2015-12-21T00:00:00","slug":"los-mayores-distribuidores-de-droga-de-quito-fueron-detenidos","status":"publish","type":"post","link":"https:\/\/www.ecuadortimes.net\/es\/los-mayores-distribuidores-de-droga-de-quito-fueron-detenidos\/","title":{"rendered":"Los mayores distribuidores de droga de Quito fueron detenidos"},"content":{"rendered":"<p><img loading=\"lazy\" class=\"size-medium wp-image-171403 alignright\" src=\"https:\/\/www.ecuadortimes.net\/es\/wp-content\/uploads\/2015\/12\/bandamicrotraficoquito-ecuadortimes-ecuadornews-300x200.jpg\" alt=\"bandamicrotraficoquito-ecuadortimes-ecuadornews\" width=\"300\" height=\"200\" \/>Sus operaciones eran planeadas y coordinadas en dos casas del sector de <strong>Pomasqui<\/strong>, al norte de<strong> Quito<\/strong>. Esos datos se conocieron ayer, 19 de diciembre del 2015 cuando agentes de la unidad contra el <strong>crimen organizado<\/strong> (<strong>ULCO<\/strong>), <strong>GEMA<\/strong> y de criminal\u00edstica allanaron las propiedades.<\/p>\n<p style=\"text-align: justify;\">Con ayuda de canes adiestrados verificaron los patios de los inmuebles y encontraron 217 dosis de una sustancia blanca que luego se determin\u00f3 que se trataba de <strong>coca\u00edna<\/strong>. Estaban en peque\u00f1as fundas. Junto al alcaloide tambi\u00e9n se hall\u00f3 USD 444 que se presume eran producto de la venta del d\u00eda. En total, cinco personas fueron detenidas en ese operativo. Los agentes informaron que los sospechosos conformaban una banda familiar.<\/p>\n<p style=\"text-align: justify;\">Dos de ellos ten\u00edan boletas de captura vigentes. Por lo que de inmediato fueron trasladados a la unidad de Flagrancias para que se les realice la audiencia correspondiente. All\u00ed, luego de observar el parte policial, el juez orden\u00f3 la prisi\u00f3n preventiva de los sospechosos.<\/p>\n<p style=\"text-align: justify;\">Fuente:\u00a0http:\/\/www.elcomercio.com\/actualidad\/banda-microtrafico-detenida-norte-quito.html<\/p>\n","protected":false},"excerpt":{"rendered":"<p>Sus operaciones eran planeadas y coordinadas en dos casas del sector de Pomasqui, al norte de Quito. Esos datos se conocieron ayer, 19 de diciembre del 2015 cuando agentes de la unidad contra el crimen organizado (ULCO), GEMA y de criminal\u00edstica allanaron las propiedades. Con ayuda de canes adiestrados verificaron los patios de los inmuebles y encontraron 217 dosis de una sustancia blanca que luego se determin\u00f3 que se trataba de coca\u00edna. Estaban en peque\u00f1as fundas. Junto al alcaloide tambi\u00e9n se hall\u00f3 USD 444 que se presume eran producto de la venta del d\u00eda. En total, cinco personas fueron detenidas en ese operativo. Los agentes informaron que los sospechosos conformaban una banda familiar. Dos de ellos ten\u00edan boletas de captura vigentes. Por lo que de inmediato fueron trasladados a la unidad de Flagrancias para que se les realice la audiencia correspondiente. All\u00ed, luego de observar el parte policial, el juez orden\u00f3 la prisi\u00f3n preventiva de los sospechosos. Fuente:\u00a0http:\/\/www.elcomercio.com\/actualidad\/banda-microtrafico-detenida-norte-quito.html<\/p>\n","protected":false},"author":1,"featured_media":236792,"comment_status":"open","ping_status":"open","sticky":false,"template":"","format":"standard","meta":[],"categories":[35,37],"tags":[],"_links":{"self":[{"href":"https:\/\/www.ecuadortimes.net\/es\/wp-json\/wp\/v2\/posts\/236791"}],"collection":[{"href":"https:\/\/www.ecuadortimes.net\/es\/wp-json\/wp\/v2\/posts"}],"about":[{"href":"https:\/\/www.ecuadortimes.net\/es\/wp-json\/wp\/v2\/types\/post"}],"author":[{"embeddable":true,"href":"https:\/\/www.ecuadortimes.net\/es\/wp-json\/wp\/v2\/users\/1"}],"replies":[{"embeddable":true,"href":"https:\/\/www.ecuadortimes.net\/es\/wp-json\/wp\/v2\/comments?post=236791"}],"version-history":[{"count":0,"href":"https:\/\/www.ecuadortimes.net\/es\/wp-json\/wp\/v2\/posts\/236791\/revisions"}],"wp:featuredmedia":[{"embeddable":true,"href":"https:\/\/www.ecuadortimes.net\/es\/wp-json\/wp\/v2\/media\/236792"}],"wp:attachment":[{"href":"https:\/\/www.ecuadortimes.net\/es\/wp-json\/wp\/v2\/media?parent=236791"}],"wp:term":[{"taxonomy":"category","embeddable":true,"href":"https:\/\/www.ecuadortimes.net\/es\/wp-json\/wp\/v2\/categories?post=236791"},{"taxonomy":"post_tag","embeddable":true,"href":"https:\/\/www.ecuadortimes.net\/es\/wp-json\/wp\/v2\/tags?post=236791"}],"curies":[{"name":"wp","href":"https:\/\/api.w.org\/{rel}","templated":true}]}}