{"id":236795,"date":"2015-12-21T00:00:00","date_gmt":"2015-12-21T00:00:00","guid":{"rendered":"https:\/\/www.ecuadortimes.net\/es\/salario-basico-unificado-sera-de-366-dolares-en-el-2016\/"},"modified":"2015-12-21T00:00:00","modified_gmt":"2015-12-21T00:00:00","slug":"salario-basico-unificado-sera-de-366-dolares-en-el-2016","status":"publish","type":"post","link":"https:\/\/www.ecuadortimes.net\/es\/salario-basico-unificado-sera-de-366-dolares-en-el-2016\/","title":{"rendered":"Salario B\u00e1sico Unificado ser\u00e1 de 366 d\u00f3lares en el 2016"},"content":{"rendered":"<p>&nbsp;<\/p>\n<p style=\"text-align: justify;\"><img loading=\"lazy\" class=\"size-medium wp-image-171397 alignright\" src=\"https:\/\/www.ecuadortimes.net\/es\/wp-content\/uploads\/2015\/12\/dinero-ecuadortimes-ecuadirnews-300x200.jpg\" alt=\"de fans de d\u00f3lares de dinero se deposita\" width=\"300\" height=\"200\" \/>El ministro del Trabajo, Leonardo Berrezueta, anunci\u00f3 esta ma\u00f1ana que el salario b\u00e1sico unificado que regir\u00e1 en el 2016 tendr\u00e1 un incremento de 12 d\u00f3lares.<\/p>\n<p style=\"text-align: justify;\">Con ello, la remuneraci\u00f3n m\u00ednima exigida por la ley para los trabajadores en el Ecuador sube de 354 a 366 d\u00f3lares mensuales.<\/p>\n<p style=\"text-align: justify;\">El aumento fue anunciado por el ministro durante un recorrido con periodistas por las instalaciones de la f\u00e1brica Danec, al suroriente de Quito.<\/p>\n<p style=\"text-align: justify;\">Esta decisi\u00f3n no fue lograda en consenso, debido a la inasistencia del representantes de los trabajadores.\u00a0 (I)<\/p>\n<p style=\"text-align: justify;\">\n<p>Fuente: <a href=\"http:\/\/www.eluniverso.com\/noticias\/2015\/12\/21\/nota\/5311122\/salario-basico-unificado-sera-366-dolares-2016\">http:\/\/www.eluniverso.com\/noticias\/2015\/12\/21\/nota\/5311122\/salario-basico-unificado-sera-366-dolares-2016<\/a><\/p>\n<p>&nbsp;<\/p>\n","protected":false},"excerpt":{"rendered":"<p>&nbsp; El ministro del Trabajo, Leonardo Berrezueta, anunci\u00f3 esta ma\u00f1ana que el salario b\u00e1sico unificado que regir\u00e1 en el 2016 tendr\u00e1 un incremento de 12 d\u00f3lares. Con ello, la remuneraci\u00f3n m\u00ednima exigida por la ley para los trabajadores en el Ecuador sube de 354 a 366 d\u00f3lares mensuales. El aumento fue anunciado por el ministro durante un recorrido con periodistas por las instalaciones de la f\u00e1brica Danec, al suroriente de Quito. Esta decisi\u00f3n no fue lograda en consenso, debido a la inasistencia del representantes de los trabajadores.\u00a0 (I) Fuente: http:\/\/www.eluniverso.com\/noticias\/2015\/12\/21\/nota\/5311122\/salario-basico-unificado-sera-366-dolares-2016 &nbsp;<\/p>\n","protected":false},"author":1,"featured_media":236796,"comment_status":"open","ping_status":"open","sticky":false,"template":"","format":"standard","meta":[],"categories":[54,43],"tags":[],"_links":{"self":[{"href":"https:\/\/www.ecuadortimes.net\/es\/wp-json\/wp\/v2\/posts\/236795"}],"collection":[{"href":"https:\/\/www.ecuadortimes.net\/es\/wp-json\/wp\/v2\/posts"}],"about":[{"href":"https:\/\/www.ecuadortimes.net\/es\/wp-json\/wp\/v2\/types\/post"}],"author":[{"embeddable":true,"href":"https:\/\/www.ecuadortimes.net\/es\/wp-json\/wp\/v2\/users\/1"}],"replies":[{"embeddable":true,"href":"https:\/\/www.ecuadortimes.net\/es\/wp-json\/wp\/v2\/comments?post=236795"}],"version-history":[{"count":0,"href":"https:\/\/www.ecuadortimes.net\/es\/wp-json\/wp\/v2\/posts\/236795\/revisions"}],"wp:featuredmedia":[{"embeddable":true,"href":"https:\/\/www.ecuadortimes.net\/es\/wp-json\/wp\/v2\/media\/236796"}],"wp:attachment":[{"href":"https:\/\/www.ecuadortimes.net\/es\/wp-json\/wp\/v2\/media?parent=236795"}],"wp:term":[{"taxonomy":"category","embeddable":true,"href":"https:\/\/www.ecuadortimes.net\/es\/wp-json\/wp\/v2\/categories?post=236795"},{"taxonomy":"post_tag","embeddable":true,"href":"https:\/\/www.ecuadortimes.net\/es\/wp-json\/wp\/v2\/tags?post=236795"}],"curies":[{"name":"wp","href":"https:\/\/api.w.org\/{rel}","templated":true}]}}