{"id":236804,"date":"2015-12-22T00:00:00","date_gmt":"2015-12-22T00:00:00","guid":{"rendered":"https:\/\/www.ecuadortimes.net\/es\/farmaceutica-se-sumo-al-codigo-de-a%c2%89tica\/"},"modified":"2015-12-22T00:00:00","modified_gmt":"2015-12-22T00:00:00","slug":"farmaceutica-se-sumo-al-codigo-de-a%c2%89tica","status":"publish","type":"post","link":"https:\/\/www.ecuadortimes.net\/es\/farmaceutica-se-sumo-al-codigo-de-a%c2%89tica\/","title":{"rendered":"Farmac\u00e9utica se sum\u00f3 al C\u00f3digo de \u00c3\u0089tica"},"content":{"rendered":"<p>&nbsp;<\/p>\n<p><img loading=\"lazy\" class=\"size-medium wp-image-171419 aligncenter\" src=\"https:\/\/www.ecuadortimes.net\/es\/wp-content\/uploads\/2015\/12\/bannervalores1-300x151.png\" alt=\"bannervalores1\" width=\"300\" height=\"151\" \/><\/p>\n<p>El <strong>Holding Grupo Difare C\u00eda. L<\/strong>tda. se adhiri\u00f3 ayer al C\u00f3digo de \u00c3\u0089tica para Establecimientos Farmac\u00e9uticos integrados verticalmente, figura creada en la Ley de Regulaci\u00f3n y Control del Poder de Mercado.<\/p>\n<p>&nbsp;<\/p>\n<p>Seg\u00fan un comunicado de la Superintendencia del Poder de Control del Mercado, ya son tres los grupos farmac\u00e9uticos que han firmado el documento. En julio pasado, lo hicieron los representantes del Grupo GPF y Farmaenlace. (I)<\/p>\n<p>Fuente: <a href=\"http:\/\/www.eluniverso.com\/noticias\/2015\/12\/22\/nota\/5311371\/farmaceutica-se-sumo-codigo-etica\">http:\/\/www.eluniverso.com\/noticias\/2015\/12\/22\/nota\/5311371\/farmaceutica-se-sumo-codigo-etica<\/a><\/p>\n<p>&nbsp;<\/p>\n","protected":false},"excerpt":{"rendered":"<p>&nbsp; El Holding Grupo Difare C\u00eda. Ltda. se adhiri\u00f3 ayer al C\u00f3digo de \u00c3\u0089tica para Establecimientos Farmac\u00e9uticos integrados verticalmente, figura creada en la Ley de Regulaci\u00f3n y Control del Poder de Mercado. &nbsp; Seg\u00fan un comunicado de la Superintendencia del Poder de Control del Mercado, ya son tres los grupos farmac\u00e9uticos que han firmado el documento. En julio pasado, lo hicieron los representantes del Grupo GPF y Farmaenlace. (I) Fuente: http:\/\/www.eluniverso.com\/noticias\/2015\/12\/22\/nota\/5311371\/farmaceutica-se-sumo-codigo-etica &nbsp;<\/p>\n","protected":false},"author":1,"featured_media":0,"comment_status":"open","ping_status":"open","sticky":false,"template":"","format":"standard","meta":[],"categories":[35],"tags":[],"_links":{"self":[{"href":"https:\/\/www.ecuadortimes.net\/es\/wp-json\/wp\/v2\/posts\/236804"}],"collection":[{"href":"https:\/\/www.ecuadortimes.net\/es\/wp-json\/wp\/v2\/posts"}],"about":[{"href":"https:\/\/www.ecuadortimes.net\/es\/wp-json\/wp\/v2\/types\/post"}],"author":[{"embeddable":true,"href":"https:\/\/www.ecuadortimes.net\/es\/wp-json\/wp\/v2\/users\/1"}],"replies":[{"embeddable":true,"href":"https:\/\/www.ecuadortimes.net\/es\/wp-json\/wp\/v2\/comments?post=236804"}],"version-history":[{"count":0,"href":"https:\/\/www.ecuadortimes.net\/es\/wp-json\/wp\/v2\/posts\/236804\/revisions"}],"wp:attachment":[{"href":"https:\/\/www.ecuadortimes.net\/es\/wp-json\/wp\/v2\/media?parent=236804"}],"wp:term":[{"taxonomy":"category","embeddable":true,"href":"https:\/\/www.ecuadortimes.net\/es\/wp-json\/wp\/v2\/categories?post=236804"},{"taxonomy":"post_tag","embeddable":true,"href":"https:\/\/www.ecuadortimes.net\/es\/wp-json\/wp\/v2\/tags?post=236804"}],"curies":[{"name":"wp","href":"https:\/\/api.w.org\/{rel}","templated":true}]}}